{"id":33411,"date":"2019-12-11T05:04:07","date_gmt":"2019-12-11T10:04:07","guid":{"rendered":"http:\/\/www.revistazetta.com\/?p=33411"},"modified":"2019-12-11T05:04:07","modified_gmt":"2019-12-11T10:04:07","slug":"concejo-aprobo-presupuesto-1-9-billones-2020","status":"publish","type":"post","link":"https:\/\/revistazetta.com\/?p=33411","title":{"rendered":"Concejo aprob\u00f3 presupuesto de $1.9 billones para 2020"},"content":{"rendered":"<p>El Proyecto de Acuerdo 182 fue aprobado en segundo debate en el Concejo de Cartagena y mediante el cual se adopta el Presupuesto de Renta, Recursos de Capital, Recursos de Funcionamiento, Recursos a la Deuda del Distrito, Fondos Especiales e Inversiones para la vigencia del 2020 por cuant\u00eda superior a $1.9 billones.<\/p>\n<p>Del total del presupuesto aprobado, $1 bill\u00f3n 400 mil millones son para inversiones y $600 mil millones para gastos de funcionamiento. Este proyecto de presupuesto fue presentado bajo ponencia favorable de David Caballero, coordinador, y ponentes Javier Curi Osorio, Lewis Montero Polo, Cesar Pi\u00f3n Gonz\u00e1lez, Am\u00e9rico Mendoza y Ang\u00e9lica Hogde.<\/p>\n<p>As\u00ed fueron aprobadas dos enmiendas al proyecto de acuerdo del presupuesto para la vigencia de 2020, las cuales tienen que ver con que el alcalde no tiene facultades para la firma de contratos por APP, las cuales tiene que pedir al Concejo, y la otra enmienda tiene que ver con que los recursos destinados a la firma Invest In Cartagena, no sean destinados a ella sino a la Empresa de Econom\u00eda Mixta Promotora Cartagena, que fue creada por Acuerdo Distrital para la promoci\u00f3n de la ciudad y el fomento empresarial.<\/p>\n<p><strong>Alcalde William Dau envi\u00f3 sugerencias de modificaciones<\/strong><\/p>\n<p>El d\u00eda 9 de diciembre fue radicado un documento al Concejo firmado por el alcalde electo William Dau Chamatt y un equipo econ\u00f3mico de la Universidad Tecnol\u00f3gica de Bol\u00edvar, donde se solicita algunas modificaciones a los rubros del presupuesto en los sectores de Educaci\u00f3n, Transcaribe y lo relacionado con el saneamiento Fiscal y Financiero. El concejo no acogi\u00f3 estas recomendaciones por falta de tiempo.<\/p>\n<p>El concejal de la U, Cesar Pi\u00f3n Gonz\u00e1lez destac\u00f3 que en reiteradas ocasiones la corporaci\u00f3n invit\u00f3 al alcalde William Dau y su equipo econ\u00f3mico para que participara del estudio del presupuesto y llegaron las sugerencias a \u00faltima hora. \u201cEl alcalde William Dau la oportunidad proyectos para adoptar, cambiar o modificar a partir de enero del 2020, las normas que den lugar\u201d.<\/p>\n<p>El conservador Rodrigo Reyes Pereira consider\u00f3 ese documento como una falta de respeto para con el Concejo de Cartagena, al hacer cuestionamientos como por ejemplo: \u00ab\u00bfexpliquen las razones por las cuales se aumentan los gastos de funcionamiento y se disminuyen los gastos de inversi\u00f3n? Y as\u00ed consecutivamente nos hacen preguntas para los sectores de educaci\u00f3n, Transcaribe, sobretasa del Medio Ambiente, y Saneamiento Financiero, mostrando un desconocimiento de la situaci\u00f3n real del Distrito\u201d.<\/p>\n<p>El concejal del ASI, Am\u00e9rico Mendoza, destac\u00f3 que al Concejo no le daba el tiempo de entrar en una concertaci\u00f3n con la pr\u00f3xima administraci\u00f3n, indicando que el Plan Operativo Anual de Inversiones, requiere un estudio riguroso, que en los actuales momentos no era viable. \u201cEl alcalde puede establecer las metas fiscales que quiera y no puede este concejo poner metas de ajuste fiscal\u201d.<\/p>\n<p>El presidente del Concejo, Rafael Meza P\u00e9rez indic\u00f3 que cuando el pr\u00f3ximo alcalde tenga aprobado su Plan de Desarrollo podr\u00e1 modificar para adecuar el presupuesto a las ejecuciones que priorice. \u201cEste presupuesto que aprobamos, le deja un programa de saneamiento fiscal y financiero, que tiene que ver con el pago de todas las obligaciones del Distrito y que este a\u00f1o se han agudizado m\u00e1s por la lluvia de embargos que ha sufrido las arcas del Distrito y que sobrepasan los $70 mil millones. El actual presupuesto deja un cap\u00edtulo especial, que no es otra cosa, que una reorientaci\u00f3n de rentas para atender todas las obligaciones o deudas, que se han visto agudizadas en este a\u00f1o por los m\u00faltiples embargos que ha sufrido el Distrito\u201d.<\/p>\n<p><strong>Clausura de sesiones ordinarias<\/strong><\/p>\n<p>El presidente del Concejo Rafael Meza P\u00e9rez en sus palabras de clausura del tercero y \u00faltimo periodo de sesiones ordinarias 2016-2019, expres\u00f3 que la corporaci\u00f3n le ha cumplido a la ciudad con importantes proyectos de acuerdo de impacto social. Meza P\u00e9rez destac\u00f3 la legalizaci\u00f3n de predios a sectores como San Jos\u00e9 de los Campanos y Santa Mar\u00eda, que le garantiza la propiedad de sus viviendas a miles de cartageneros; as\u00ed mismo como la modificaci\u00f3n al Estatuto Tributario, la aprobaci\u00f3n de recursos para la recuperaci\u00f3n del Canal del Dique, el proyecto de garant\u00edas laborales para el grupo de Salvavidas; entre otros.<\/p>\n<p>&nbsp;<\/p>\n","protected":false},"excerpt":{"rendered":"<p>El Proyecto de Acuerdo 182 fue aprobado en segundo debate en el Concejo de Cartagena y mediante el cual se adopta el Presupuesto de Renta, Recursos de Capital, Recursos de Funcionamiento, Recursos a la Deuda del Distrito, Fondos Especiales e Inversiones para la vigencia del 2020 por cuant\u00eda superior a $1.9 billones. Del total del presupuesto aprobado, $1 bill\u00f3n 400 mil millones son para inversiones y $600 mil millones para gastos de funcionamiento. Este proyecto de presupuesto fue presentado bajo ponencia favorable de David Caballero, coordinador, y ponentes Javier Curi&#8230; <\/p>\n","protected":false},"author":3,"featured_media":33412,"comment_status":"open","ping_status":"closed","sticky":false,"template":"","format":"standard","meta":{"footnotes":"","_links_to":"","_links_to_target":""},"categories":[75,27,4],"tags":[],"class_list":["post-33411","post","type-post","status-publish","format-standard","has-post-thumbnail","hentry","category-destacada","category-politicaconcejo","category-politica"],"_links":{"self":[{"href":"https:\/\/revistazetta.com\/index.php?rest_route=\/wp\/v2\/posts\/33411","targetHints":{"allow":["GET"]}}],"collection":[{"href":"https:\/\/revistazetta.com\/index.php?rest_route=\/wp\/v2\/posts"}],"about":[{"href":"https:\/\/revistazetta.com\/index.php?rest_route=\/wp\/v2\/types\/post"}],"author":[{"embeddable":true,"href":"https:\/\/revistazetta.com\/index.php?rest_route=\/wp\/v2\/users\/3"}],"replies":[{"embeddable":true,"href":"https:\/\/revistazetta.com\/index.php?rest_route=%2Fwp%2Fv2%2Fcomments&post=33411"}],"version-history":[{"count":0,"href":"https:\/\/revistazetta.com\/index.php?rest_route=\/wp\/v2\/posts\/33411\/revisions"}],"wp:featuredmedia":[{"embeddable":true,"href":"https:\/\/revistazetta.com\/index.php?rest_route=\/wp\/v2\/media\/33412"}],"wp:attachment":[{"href":"https:\/\/revistazetta.com\/index.php?rest_route=%2Fwp%2Fv2%2Fmedia&parent=33411"}],"wp:term":[{"taxonomy":"category","embeddable":true,"href":"https:\/\/revistazetta.com\/index.php?rest_route=%2Fwp%2Fv2%2Fcategories&post=33411"},{"taxonomy":"post_tag","embeddable":true,"href":"https:\/\/revistazetta.com\/index.php?rest_route=%2Fwp%2Fv2%2Ftags&post=33411"}],"curies":[{"name":"wp","href":"https:\/\/api.w.org\/{rel}","templated":true}]}}