{"id":33413,"date":"2019-12-11T05:15:07","date_gmt":"2019-12-11T10:15:07","guid":{"rendered":"http:\/\/www.revistazetta.com\/?p=33413"},"modified":"2019-12-11T05:15:07","modified_gmt":"2019-12-11T10:15:07","slug":"pedrito-presento-al-concejo-detallado-balance-gestion","status":"publish","type":"post","link":"https:\/\/revistazetta.com\/?p=33413","title":{"rendered":"Pedrito present\u00f3 al Concejo detallado balance de gesti\u00f3n"},"content":{"rendered":"<blockquote><p><strong>\u201cConservo mi mano extendida y la invitaci\u00f3n a seguir trabajando unidos, desde los roles que nos corresponda, por nuestra querida Cartagena\u201d: Alcalde Pedrito Pereira.<\/strong><\/p><\/blockquote>\n<p>Despu\u00e9s de 9 horas de arduo trabajo, el Concejo de Cartagena aprob\u00f3 el Presupuesto de Rentas, Recursos de Capital y Recursos de Fondos Especiales y el Plan de Inversiones para la vigencia fiscal 2020 y el alcalde de Cartagena, Pedrito Pereira Caballero, clausur\u00f3 el \u00faltimo periodo de sesiones ordinarias de este gobierno.<br \/>\nEl presupuesto aprobado fue de 1.928.660.417.281, que se invertir\u00e1 en el periodo entre el 1 de enero y el 31 de diciembre de 2020.<br \/>\nEl mandatario luego del duro trabajo de los coadministradores de la ciudad, durante la clausura, se\u00f1al\u00f3 que este \u00faltimo per\u00edodo de sesiones ordinarias del honorable Concejo Distrital correspondiente al cuatrienio 2016 \u2013 2019, \u00a0representa el cierre de una compleja fase de la historia pol\u00edtica y administrativa de Cartagena.<br \/>\n\u201cDesde los inicios en mi vida p\u00fablica, gracias a los valores inculcados por mis padres y a la formaci\u00f3n recibida, apliqu\u00e9 como principios rectores de mi accionar, el respeto y la tolerancia en las relaciones con mis semejantes, al igual que la rectitud, la eficiencia y transparencia en el cumplimiento de cada uno de mis compromisos. Por ello, cuando recib\u00ed el honroso encargo de liderar los destinos de mi ciudad natal, comprend\u00ed que estaba frente a un enorme desaf\u00edo de retomar el equilibrio institucional, quebrantado por las circunstancias que todos ustedes conocen, y de atender m\u00faltiples demandas sociales, sino tambi\u00e9n ser blanco de inconformismos y afrontar discrepancias, inclusive con amigos y allegados pol\u00edticos, como parte de la din\u00e1mica del ejercicio del poder conferido\u201d, dijo.<\/p>\n<p>Se\u00f1al\u00f3 que todos sus postulados cumplieron en lo que va de los 13 meses de gesti\u00f3n. \u201cLo primero que hice al tomar posesi\u00f3n del cargo fue un llamado a los diferentes sectores pol\u00edticos, econ\u00f3micos y sociales de la ciudad, a dejar de lado eventuales diferencias y hacer un solo equipo para trabajar unidos por la ciudad. Debo reiterar que encontr\u00e9 en esta corporaci\u00f3n gran receptividad y colaboraci\u00f3n desde el principio, lo que permiti\u00f3 en buena parte alcanzar los buenos resultados obtenidos en diferentes frentes\u201d.<\/p>\n<p>Sostuvo que las relaciones suyas con el Concejo Distrital se enmarcaron desde entonces en el respeto, la autonom\u00eda institucional y la articulaci\u00f3n de esfuerzos, prevaleciendo siempre los intereses de la ciudad.<\/p>\n<p>\u201cUna de las primeras acciones emprendidas fue devolver a esta corporaci\u00f3n facultades que de manera irregular le hab\u00edan sido quitadas por anteriores administraciones, presentamos importantes y trascendentes proyectos de acuerdo para Cartagena y dimos instrucciones a todo el equipo de gobierno de atender, como corresponde, el control pol\u00edtico\u201d, subray\u00f3.<\/p>\n<p>Pereira Caballero se\u00f1al\u00f3 que en medio de sus propias dificultades institucionales y operativas, el Concejo estuvo a la altura de las circunstancias, atendiendo con rigor y compromiso los debates que demandaron las iniciativas presentadas, y aprobando de manera oportuna proyectos esenciales que permitieron la ejecuci\u00f3n de obras largamente esperadas por los cartageneros.<\/p>\n<p>\u201cTodo esto sin que mediaran ofrecimientos, exigencias, acuerdos en la sombra, o que se jugaran cartas por debajo de la mesa. Fruto de esa transparencia logramos tempranos aciertos en el\u00a0cumplimiento de la exigente agenda que nos trazamos, en la que priorizamos: superaci\u00f3n de la pobreza extrema, reactivaci\u00f3n econ\u00f3mica, seguridad y convivencia, y eficiencia administrativa, en simult\u00e1nea con\u00a0 la recuperaci\u00f3n de la institucionalidad, la estabilidad de la administraci\u00f3n y la recuperaci\u00f3n de la confianza ciudadana\u201d.<\/p>\n<p>Desde el 20 de septiembre a la fecha, el Distrito ha logrado:<\/p>\n<p>El reingreso del Distrito a Colombia Compra Eficiente, al ser levantada la suspensi\u00f3n que se hab\u00eda impuesto desde 2016.<br \/>\nLa adjudicaci\u00f3n planificada y transparente de los contratos de aseo y vigilancia para las instituciones educativas oficiales del Distrito, logrando iniciar sin contratiempos las jornadas escolares desde principios de este a\u00f1o.<br \/>\nLa implementaci\u00f3n del Plan de Alimentaci\u00f3n Escolar\u00a0garantizando a los estudiantes de instituciones educativas oficiales su alimentaci\u00f3n continua, en el marco de los est\u00e1ndares de calidad y cumplimiento.<br \/>\nLa apertura del mercado Santa Rita, tras cuatro a\u00f1os de cierre despu\u00e9s de su remodelaci\u00f3n, para beneficio de decenas de peque\u00f1os comerciantes y de centenares de familias cartageneras.<br \/>\nLa mayor pluralidad de oferentes en los procesos licitatorios para la ejecuci\u00f3n de las obras de intervenci\u00f3n de los Juegos Deportivos Nacionales, realizados recientemente de manera exitosa, y que dejan a la ciudad 11 escenarios deportivos restaurados y modernizados.<br \/>\nEl mejoramiento de la movilidad urbana, con la incorporaci\u00f3n de m\u00e1s de 200 nuevos buses para Transcaribe, y la apertura de 5 nuevas rutas pre troncales y 5 alimentadoras.<br \/>\nAvances en materia de seguridad y convivencia ciudadana gracias al\u00a0suministro de veh\u00edculos, motocicletas y sistemas de comunicaci\u00f3n a la fuerza p\u00fablica; la instalaci\u00f3n de 100 alarmas comunitarias, puestas al servicio en igual n\u00famero de sectores de la ciudad, adem\u00e1s del fortalecimiento de las exitosas caravanas de seguridad por los barrios de Cartagena.<br \/>\nLa definici\u00f3n, por fin, del traslado de la C\u00e1rcel Distrital de Mujeres, que funciona en San Diego, hacia un inmueble en Turbaco, avalado por la Uspec.<br \/>\nLa superaci\u00f3n del d\u00e9ficit habitacional en la ciudad, con la proyecci\u00f3n de 2.512 soluciones de viviendas en\u00a0el megaproyecto de la Ciudadela de la Paz, sumadas a otras 600 viviendas de inter\u00e9s social, gestionadas con el Ministerio de Vivienda, dos mil mejoramientos de viviendas en la zona sur oriental, y la legalizaci\u00f3n de 174 Predios en el barrio El Poz\u00f3n.<br \/>\nEl inicio de la construcci\u00f3n de la nueva y moderna sede de la Instituci\u00f3n Educativa San Felipe Neri, tras sortear numerosas dificultades por varios a\u00f1os.<br \/>\nLa construcci\u00f3n y la puesta en marcha del Centro de Desarrollo Infantil de Flor del Campo, con su respectiva dotaci\u00f3n, para albergar a 350 ni\u00f1os con edades entre cero y 5 a\u00f1os. El inicio y la construcci\u00f3n del CDI Villas de Aranjuez.<br \/>\nLos avances en la actualizaci\u00f3n del Plan de Ordenamiento Territorial -POT-, tras m\u00e1s de 17 a\u00f1os de espera, previa liquidaci\u00f3n del improcedente contrato que exist\u00eda con FONADE.<br \/>\nLa promulgaci\u00f3n y socializaci\u00f3n del Plan de Manejo y Protecci\u00f3n \u2013PEMP- del Centro Hist\u00f3rico. Ambos planes listos para su implementaci\u00f3n en la pr\u00f3xima administraci\u00f3n, si a bien lo tiene.<br \/>\nLa puesta en marcha de\u00a0grandes proyectos y obras de desarrollo, con positivo impacto sobre Cartagena, como:\u00a0 la intervenci\u00f3n en el Canal del Dique;\u00a0el apoyo para el Plan de Drenajes Pluviales; y la realizaci\u00f3n de los trabajos de protecci\u00f3n costera, que van desde Crespo hasta el espol\u00f3n Iribarren.<br \/>\nEl otorgamiento del galard\u00f3n por la primera playa Bandera Azul en la Boquilla, que representa un gran incentivo al turismo nacional e internacional.<br \/>\nPor tres trimestres consecutivos, Cartagena es la ciudad que registra el menor \u00edndice de desempleo, conforme a las estad\u00edsticas del DANE.<br \/>\nLos indicadores de Cartagena C\u00f3mo Vamos reflejan igualmente un descenso en los niveles de pobreza y de pobreza extrema, que, si bien son incipientes, nos demuestra que si es viable enfrentar ese flagelo, cuando hay voluntad pol\u00edtica para hacerlo.<br \/>\nLa exitosa realizaci\u00f3n de dos versiones de las fiestas de la independencia \u201cResuena Cartagena\u201d, el inicio de la construcci\u00f3n de la estaci\u00f3n de Polic\u00eda del Poz\u00f3n, puesta al servicio del CAP Bicentenario, entrega totalmente terminada de la UPA Poz\u00f3n, Construcci\u00f3n y puesta en marcha del CAI de la Villa Ol\u00edmpica y del CAI del Pie de la Popa.<br \/>\nHoy se recibieron 22 propuestas para la segunda fase de la Via Playetas, por recursos de regal\u00edas.<\/p>\n<p>Anunci\u00f3 para el pr\u00f3ximo fin de semana la entrega del puente 13 de Junio &#8211; Las Gaviotas.<\/p>\n<p>A las complejidades de gobernar una ciudad como Cartagena, con tantas necesidades acumuladas y tantas dificultades para la ejecuci\u00f3n de sus procesos administrativos, se sumaron las limitaciones propias del \u00faltimo a\u00f1o de gobierno, los altibajos que propicia un per\u00edodo electoral y la vigencia de la Ley de garant\u00edas.<br \/>\n\u201cEllo influy\u00f3, sin lugar a dudas para los comprensibles distanciamientos pol\u00edticos que tomaron miembros de esta honorable corporaci\u00f3n, algunos con expresiones un tanto radicales que los llevaron inclusive a desconocer los avances de los cuales fueron part\u00edcipes. No obstante, soy respetuoso de la libertad de pensamiento y de expresi\u00f3n, y tolerante en las diferencias. Como lo dije al inicio de esta intervenci\u00f3n, ha prevalecido la autonom\u00eda institucional, y a pesar de esas diferencias, no desconozco el importante rol que ha jugado este Concejo en el actual momento hist\u00f3rico de Cartagena\u201d.<\/p>\n<p>Expres\u00f3 que algunas decisiones del Concejo impidieron la aprobaci\u00f3n de proyectos de gran impacto para la ciudad y que necesariamente deber\u00e1n ser abordados por la corporaci\u00f3n, con sus nuevos miembros, en otros momentos pol\u00edticamente m\u00e1s decantados, como la modernizaci\u00f3n administrativa del Distrito.<\/p>\n<p>Pidi\u00f3 la comprensi\u00f3n del Concejo Distrital en lo que corresponde a importantes, trascendentales e impostergables decisiones que debemos tomar y que ser\u00e1n de gran impacto para la ciudad. \u201cMe refiero a la concesi\u00f3n del alumbrado p\u00fablico y al proyecto del corredor portuario, que se conoce como la APP de la 5\u00aa Avenida de Manga\u201d.<\/p>\n<p>\u201cCuando llegu\u00e9 al encargo, a finales de septiembre de 2018, encontr\u00e9 una concesi\u00f3n de 19 a\u00f1os y 11 meses de servicio, que estaba por vencerse, frente a lo cual era imperativo tomar una decisi\u00f3n. Para ello solicit\u00e9 el acompa\u00f1amiento de los organismos de control, especialmente de la Procuradur\u00eda General de la Naci\u00f3n. En ese momento la recomendaci\u00f3n recibida y aceptada por la administraci\u00f3n, fue la de suscribir una pr\u00f3rroga del contrato por un a\u00f1o, con vencimiento el 3 de enero de 2020.<\/p>\n<p>Se\u00f1al\u00f3 que\u00a0 por razones de tiempo, en la decisi\u00f3n frente a esta situaci\u00f3n, necesariamente debe participar la actual administraci\u00f3n, dado que siendo el 3 de enero la fecha de vencimiento del contrato, el pr\u00f3ximo Alcalde, William Dau, por mucha buena voluntad que tenga, no tendr\u00e1 margen de maniobra para adoptar una soluci\u00f3n en solo dos d\u00edas. Valga recordar que el actual concesionario tiene unas reclamaciones muy altas, por un supuesto desequilibrio del contrato, que fue certificado por el interventor, por lo que una prorroga demasiado corta no le resultar\u00eda viable.<\/p>\n<p>Con relaci\u00f3n al corredor portuario, es de p\u00fablico conocimiento que los grandes proyectos de desarrollo que ha logrado realizar con \u00e9xito Cartagena, han tenido que superar grandes obst\u00e1culos por oposiciones fundadas e infundadas, y otros tantos siguen en los sue\u00f1os de los cartageneros, esperando ser alg\u00fan d\u00eda materializados.<br \/>\nEn mi compromiso por cumplirle a la ciudad con obras y acciones de corto, mediano y largo alcance, he dado impulso a una serie de mega proyectos que impactar\u00e1n positivamente el desarrollo de la ciudad, entre los que se encuentra el llamado Corredor Portuario.<br \/>\nSe trata, sin lugar a dudas de uno de los proyectos de infraestructura, que generar\u00e1 una nueva din\u00e1mica de movilidad y de mejores condiciones de vida para los habitantes de varios sectores, con beneficios extendidos a toda la ciudad.<br \/>\nEsta iniciativa que\u00a0generar\u00e1 zonas de espacio p\u00fablico, ciclo v\u00edas y paseos peatonales para el disfrute de los cartageneros. Mejorar\u00e1 la movilidad en Manga, Bazurto y Mamonal principalmente, al contemplar intervenciones como: 22 kil\u00f3metros de v\u00eda nueva, adem\u00e1s de los 2.2 kil\u00f3metros de la 5\u00aa Avenida de Manga, 7 intersecciones nuevas (3 a desnivel y 4 a nivel), mantenimiento y operaci\u00f3n de 66 Kil\u00f3metros de v\u00eda, 2.2 kil\u00f3metros de ciclo ruta, 15 puentes peatonales y 4 kil\u00f3metros de puentes.<br \/>\nEl proyecto ser\u00e1 financiado en su totalidad con recursos privados. Sus proponentes explicaron que los recaudos establecidos no implicar\u00e1n peajes adicionales a los actuales, y que el 5% del total del recaudo ser\u00e1 destinado para una subcuenta del Distrito, para ser invertidos en obras p\u00fablicas en otros sectores.<br \/>\n\u201cTenemos limitaciones fiscales muy grandes. Tenemos que invertir en inversi\u00f3n social. Debemos aprovechar la oportunidad de modernizar el corredor portuario con recursos de un privado. Los problemas sociales de Cartagena no son porque tenemos unos peajes que ya van para 20 a\u00f1os. Son porque no tenemos la capacidad de generar oportunidades de educaci\u00f3n, empleo, mejores servicios de salud y vivienda entre otros. Este proyecto si nos ayuda en ese sentido. Generar\u00e1 m\u00e1s de 5 mil 500 empleos. Progreso y competitividad con menos tiempo de desplazamiento, menos consumo de combustible, menos gastos de accidentalidad vial, m\u00e1s parques, m\u00e1s zonas de esparcimiento etc. Y ayuda por supuesto, porque podemos destinar los recursos p\u00fablicos hac\u00eda la educaci\u00f3n, salud, vivienda, etc. No nos confundamos Honorables Concejales. Los problemas de Cartagena no son por unos peajes. Los problemas de Cartagena son porque no hemos tenido la capacidad para hacer toda la inversi\u00f3n social que se requiere para superar nuestra gran tragedia: La pobreza.<\/p>\n","protected":false},"excerpt":{"rendered":"<p>\u201cConservo mi mano extendida y la invitaci\u00f3n a seguir trabajando unidos, desde los roles que nos corresponda, por nuestra querida Cartagena\u201d: Alcalde Pedrito Pereira. Despu\u00e9s de 9 horas de arduo trabajo, el Concejo de Cartagena aprob\u00f3 el Presupuesto de Rentas, Recursos de Capital y Recursos de Fondos Especiales y el Plan de Inversiones para la vigencia fiscal 2020 y el alcalde de Cartagena, Pedrito Pereira Caballero, clausur\u00f3 el \u00faltimo periodo de sesiones ordinarias de este gobierno. El presupuesto aprobado fue de 1.928.660.417.281, que se invertir\u00e1 en el periodo entre el&#8230; <\/p>\n","protected":false},"author":3,"featured_media":33414,"comment_status":"open","ping_status":"closed","sticky":false,"template":"","format":"standard","meta":{"footnotes":"","_links_to":"","_links_to_target":""},"categories":[75,32],"tags":[],"class_list":["post-33413","post","type-post","status-publish","format-standard","has-post-thumbnail","hentry","category-destacada","category-actualidad-distrito"],"_links":{"self":[{"href":"https:\/\/revistazetta.com\/index.php?rest_route=\/wp\/v2\/posts\/33413","targetHints":{"allow":["GET"]}}],"collection":[{"href":"https:\/\/revistazetta.com\/index.php?rest_route=\/wp\/v2\/posts"}],"about":[{"href":"https:\/\/revistazetta.com\/index.php?rest_route=\/wp\/v2\/types\/post"}],"author":[{"embeddable":true,"href":"https:\/\/revistazetta.com\/index.php?rest_route=\/wp\/v2\/users\/3"}],"replies":[{"embeddable":true,"href":"https:\/\/revistazetta.com\/index.php?rest_route=%2Fwp%2Fv2%2Fcomments&post=33413"}],"version-history":[{"count":0,"href":"https:\/\/revistazetta.com\/index.php?rest_route=\/wp\/v2\/posts\/33413\/revisions"}],"wp:featuredmedia":[{"embeddable":true,"href":"https:\/\/revistazetta.com\/index.php?rest_route=\/wp\/v2\/media\/33414"}],"wp:attachment":[{"href":"https:\/\/revistazetta.com\/index.php?rest_route=%2Fwp%2Fv2%2Fmedia&parent=33413"}],"wp:term":[{"taxonomy":"category","embeddable":true,"href":"https:\/\/revistazetta.com\/index.php?rest_route=%2Fwp%2Fv2%2Fcategories&post=33413"},{"taxonomy":"post_tag","embeddable":true,"href":"https:\/\/revistazetta.com\/index.php?rest_route=%2Fwp%2Fv2%2Ftags&post=33413"}],"curies":[{"name":"wp","href":"https:\/\/api.w.org\/{rel}","templated":true}]}}