{"id":33415,"date":"2019-12-11T05:19:44","date_gmt":"2019-12-11T10:19:44","guid":{"rendered":"http:\/\/www.revistazetta.com\/?p=33415"},"modified":"2019-12-11T05:19:44","modified_gmt":"2019-12-11T10:19:44","slug":"pilo-va-cartagena-entrego-30-becas-universitarias","status":"publish","type":"post","link":"https:\/\/revistazetta.com\/?p=33415","title":{"rendered":"\u201cSer Pilo Va Cartagena\u201d entreg\u00f3 30 becas universitarias"},"content":{"rendered":"<p><span lang=\"ES\">Un proyecto de vida con oportunidades concretas en educaci\u00f3n superior comenz\u00f3 a escribirse para 30 estudiantes cartageneros, que recibieron este martes las becas \u201cSer Pilo Va Cartagena\u201d<\/span><\/p>\n<p><span lang=\"ES\">En evento efectuado en la Biblioteca de la Fundaci\u00f3n Universitaria Rafael N\u00fa\u00f1ez, se premi\u00f3 a los estudiantes destacados del a\u00f1o 2019 con 30 becas para financiar sus estudios universitarios.<\/span><\/p>\n<p><span lang=\"ES-CO\">\u201cEs un reconocimiento a la excelencia acad\u00e9mica, una herramienta clave para emprender y triunfar en lo que los estudiantes se propongan\u201d, expres\u00f3 Claudia Almeida Castillo, Secretaria de Educaci\u00f3n Distrital, quien presidi\u00f3 la ceremonia.<\/span><\/p>\n<div id=\"attachment_33416\" style=\"width: 310px\" class=\"wp-caption alignnone\"><img loading=\"lazy\" decoding=\"async\" aria-describedby=\"caption-attachment-33416\" class=\"wp-image-33416 size-medium\" src=\"https:\/\/www.revistazetta.com\/wp-content\/uploads\/2019\/12\/Pilo-Va-1-300x199.jpg\" alt=\"\" width=\"300\" height=\"199\" \/><p id=\"caption-attachment-33416\" class=\"wp-caption-text\">La Secretaria de Educaci\u00f3n Distrital, Claudia Almeida, presidi\u00f3 la ceremonia de entrega de las 30 becas universitarias \u00abSer Pilo Va Cartagena\u00bb.<\/p><\/div>\n<p><span lang=\"ES\">Esta es la cuarta entrega del premio \u201cSer Pilo Va Cartagena\u201d, que ya acumula 120 cr\u00e9ditos educativos condonables otorgados.\u00a0<\/span><\/p>\n<p><span lang=\"ES\">\u201cSer Pilo Va Cartagena\u201d es un proyecto de excelencia acad\u00e9mica de la Alcald\u00eda Distrital, que, a trav\u00e9s de su Secretar\u00eda de Educaci\u00f3n, viene otorgando anualmente becas a los estudiantes de las Instituciones Educativas Oficiales y No Oficiales del Distrito con matr\u00edcula contratada, que obtienen los m\u00e1s altos resultados en las\u00a0<\/span><span lang=\"ES-CO\">pruebas ICFES Saber 11<\/span><span lang=\"ES\">.\u00a0<b><\/b><\/span><\/p>\n<p><span lang=\"ES\">La selecci\u00f3n de los estudiantes beneficiados se define seg\u00fan la clasificaci\u00f3n de desempe\u00f1o de los alumnos en las\u00a0<\/span><span lang=\"ES-CO\">pruebas ICFES Saber 11. Todas las instituciones educativas oficiales y\u00a0<\/span><span lang=\"ES\">las no oficiales del Distrito con matr\u00edcula contratada<\/span><span lang=\"ES-CO\">\u00a0participan postulando a su estudiante con mayor puntaje. Cada una de las cinco (5) UNALDES (Unidades Administrativas Locales de Educaci\u00f3n) de Cartagena, consolida los postulados por cada instituci\u00f3n y realiza un listado clasificatorio, dentro del cual, se seleccionan los seis (6) estudiantes con mejor desempe\u00f1o. Con esta preselecci\u00f3n, se completan treinta (30) estudiantes, quienes reciben, de manos de la Secretaria de Educaci\u00f3n Distrital, la distinci\u00f3n que les acredita como beneficiarios del proyecto.<\/span><\/p>\n<div id=\"attachment_33417\" style=\"width: 310px\" class=\"wp-caption alignnone\"><img loading=\"lazy\" decoding=\"async\" aria-describedby=\"caption-attachment-33417\" class=\"wp-image-33417 size-medium\" src=\"https:\/\/www.revistazetta.com\/wp-content\/uploads\/2019\/12\/Pilo-Va-3-300x199.jpg\" alt=\"\" width=\"300\" height=\"199\" \/><p id=\"caption-attachment-33417\" class=\"wp-caption-text\">Tres de los beneficiarios acompa\u00f1ados por Daniel Am\u00e9zquita, director de Educaci\u00f3n Superior de la Secretar\u00eda de Educaci\u00f3n Distrital.<\/p><\/div>\n<p>&nbsp;<\/p>\n","protected":false},"excerpt":{"rendered":"<p>Un proyecto de vida con oportunidades concretas en educaci\u00f3n superior comenz\u00f3 a escribirse para 30 estudiantes cartageneros, que recibieron este martes las becas \u201cSer Pilo Va Cartagena\u201d En evento efectuado en la Biblioteca de la Fundaci\u00f3n Universitaria Rafael N\u00fa\u00f1ez, se premi\u00f3 a los estudiantes destacados del a\u00f1o 2019 con 30 becas para financiar sus estudios universitarios. \u201cEs un reconocimiento a la excelencia acad\u00e9mica, una herramienta clave para emprender y triunfar en lo que los estudiantes se propongan\u201d, expres\u00f3 Claudia Almeida Castillo, Secretaria de Educaci\u00f3n Distrital, quien presidi\u00f3 la ceremonia. Esta&#8230; <\/p>\n","protected":false},"author":3,"featured_media":0,"comment_status":"open","ping_status":"closed","sticky":false,"template":"","format":"standard","meta":{"footnotes":"","_links_to":"","_links_to_target":""},"categories":[75,32],"tags":[],"class_list":["post-33415","post","type-post","status-publish","format-standard","hentry","category-destacada","category-actualidad-distrito"],"_links":{"self":[{"href":"https:\/\/revistazetta.com\/index.php?rest_route=\/wp\/v2\/posts\/33415","targetHints":{"allow":["GET"]}}],"collection":[{"href":"https:\/\/revistazetta.com\/index.php?rest_route=\/wp\/v2\/posts"}],"about":[{"href":"https:\/\/revistazetta.com\/index.php?rest_route=\/wp\/v2\/types\/post"}],"author":[{"embeddable":true,"href":"https:\/\/revistazetta.com\/index.php?rest_route=\/wp\/v2\/users\/3"}],"replies":[{"embeddable":true,"href":"https:\/\/revistazetta.com\/index.php?rest_route=%2Fwp%2Fv2%2Fcomments&post=33415"}],"version-history":[{"count":0,"href":"https:\/\/revistazetta.com\/index.php?rest_route=\/wp\/v2\/posts\/33415\/revisions"}],"wp:attachment":[{"href":"https:\/\/revistazetta.com\/index.php?rest_route=%2Fwp%2Fv2%2Fmedia&parent=33415"}],"wp:term":[{"taxonomy":"category","embeddable":true,"href":"https:\/\/revistazetta.com\/index.php?rest_route=%2Fwp%2Fv2%2Fcategories&post=33415"},{"taxonomy":"post_tag","embeddable":true,"href":"https:\/\/revistazetta.com\/index.php?rest_route=%2Fwp%2Fv2%2Ftags&post=33415"}],"curies":[{"name":"wp","href":"https:\/\/api.w.org\/{rel}","templated":true}]}}