{"id":33418,"date":"2019-12-11T05:25:19","date_gmt":"2019-12-11T10:25:19","guid":{"rendered":"http:\/\/www.revistazetta.com\/?p=33418"},"modified":"2019-12-11T05:25:19","modified_gmt":"2019-12-11T10:25:19","slug":"palenque-sera-municipio-especial-segun-proyecto-ley","status":"publish","type":"post","link":"https:\/\/revistazetta.com\/?p=33418","title":{"rendered":"Palenque ser\u00e1 \u00abMunicipio Especial\u00bb, seg\u00fan proyecto de ley"},"content":{"rendered":"<p>El senador Fernando Nicol\u00e1s Ara\u00fajo junto con el Gobierno Nacional representado por el viceministro de Relaciones Pol\u00edticas del Ministerio del Interior, Daniel Palacios y el viceministro para la Participaci\u00f3n e Igualdad de Derechos, Francisco Jos\u00e9 Chaux radicaron en el Congreso un proyecto de ley que permitir\u00eda, en ciertos casos, a las Asambleas departamentales elevar un territorio a la categor\u00eda de municipio especial.<\/p>\n<p>Esta iniciativa, de aprobarse, posibilitar\u00e1 que corregimientos como San Basilio de Palenque puedan convertirse en municipio especial, pues la excepci\u00f3n se aplicar\u00e1 como medida para la preservaci\u00f3n del patrimonio cultural e inmaterial de la humanidad declarado por la UNESCO y, que por ministerio de la ley, se establezcan como bien de inter\u00e9s Nacional.<\/p>\n<p>El senador Fernando Nicol\u00e1s co-autor de la iniciativa expres\u00f3 que \u00abqueremos hacer un reconocimiento a la cultura de Palenque, que conserva rasgos de lo que somos, Palenque representa al ser caribe, la colombianidad, aqu\u00ed esta nuestra esencia, la g\u00e9nesis africana, no solo de lo que hoy es Am\u00e9rica, tambi\u00e9n de lo que es la humanidad entera\u00bb.<\/p>\n<p>El proyecto busca que al ser elevados a la categor\u00eda de municipios especiales estas comunidades obtengan autonom\u00eda presupuestal y pol\u00edtica, es decir, ser\u00e1n sus habitantes quienes administren el destino de su territorio; adem\u00e1s, promover\u00e1 el desarrollo social y econ\u00f3mico con protecci\u00f3n cultural y aprovechamiento equitativo de la condici\u00f3n de Patrimonio de la Humanidad.<\/p>\n<p>Los beneficiarios de esta norma ser\u00e1n no solamente el corregimiento de San Basilio de Palenque y su \u00e1rea de impacto, sino todos los territorios que de alguna manera se ven favorecidos con una declaratoria de patrimonio de la Humanidad por la UNESCO.<\/p>\n","protected":false},"excerpt":{"rendered":"<p>El senador Fernando Nicol\u00e1s Ara\u00fajo junto con el Gobierno Nacional representado por el viceministro de Relaciones Pol\u00edticas del Ministerio del Interior, Daniel Palacios y el viceministro para la Participaci\u00f3n e Igualdad de Derechos, Francisco Jos\u00e9 Chaux radicaron en el Congreso un proyecto de ley que permitir\u00eda, en ciertos casos, a las Asambleas departamentales elevar un territorio a la categor\u00eda de municipio especial. Esta iniciativa, de aprobarse, posibilitar\u00e1 que corregimientos como San Basilio de Palenque puedan convertirse en municipio especial, pues la excepci\u00f3n se aplicar\u00e1 como medida para la preservaci\u00f3n del&#8230; <\/p>\n","protected":false},"author":3,"featured_media":33419,"comment_status":"open","ping_status":"closed","sticky":false,"template":"","format":"standard","meta":{"footnotes":"","_links_to":"","_links_to_target":""},"categories":[75,80],"tags":[],"class_list":["post-33418","post","type-post","status-publish","format-standard","has-post-thumbnail","hentry","category-destacada","category-region"],"_links":{"self":[{"href":"https:\/\/revistazetta.com\/index.php?rest_route=\/wp\/v2\/posts\/33418","targetHints":{"allow":["GET"]}}],"collection":[{"href":"https:\/\/revistazetta.com\/index.php?rest_route=\/wp\/v2\/posts"}],"about":[{"href":"https:\/\/revistazetta.com\/index.php?rest_route=\/wp\/v2\/types\/post"}],"author":[{"embeddable":true,"href":"https:\/\/revistazetta.com\/index.php?rest_route=\/wp\/v2\/users\/3"}],"replies":[{"embeddable":true,"href":"https:\/\/revistazetta.com\/index.php?rest_route=%2Fwp%2Fv2%2Fcomments&post=33418"}],"version-history":[{"count":0,"href":"https:\/\/revistazetta.com\/index.php?rest_route=\/wp\/v2\/posts\/33418\/revisions"}],"wp:featuredmedia":[{"embeddable":true,"href":"https:\/\/revistazetta.com\/index.php?rest_route=\/wp\/v2\/media\/33419"}],"wp:attachment":[{"href":"https:\/\/revistazetta.com\/index.php?rest_route=%2Fwp%2Fv2%2Fmedia&parent=33418"}],"wp:term":[{"taxonomy":"category","embeddable":true,"href":"https:\/\/revistazetta.com\/index.php?rest_route=%2Fwp%2Fv2%2Fcategories&post=33418"},{"taxonomy":"post_tag","embeddable":true,"href":"https:\/\/revistazetta.com\/index.php?rest_route=%2Fwp%2Fv2%2Ftags&post=33418"}],"curies":[{"name":"wp","href":"https:\/\/api.w.org\/{rel}","templated":true}]}}