{"id":33420,"date":"2019-12-11T05:37:40","date_gmt":"2019-12-11T10:37:40","guid":{"rendered":"http:\/\/www.revistazetta.com\/?p=33420"},"modified":"2019-12-11T05:37:40","modified_gmt":"2019-12-11T10:37:40","slug":"escuela-detallista-cartagena-entrega-segunda-promocion","status":"publish","type":"post","link":"https:\/\/revistazetta.com\/?p=33420","title":{"rendered":"Escuela Detallista de Cartagena entrega segunda promoci\u00f3n"},"content":{"rendered":"<div>\n<div class=\"gmail_quote\">\n<div dir=\"ltr\">\n<p>Lo que comenz\u00f3 como un programa de apoyo t\u00e9cnico a tenderos de Cartagena, creci\u00f3 y se transform\u00f3 en una Escuela del Comercio Detallista, que beneficia ahora a\u00a0panader\u00edas, droguer\u00edas, ferreter\u00edas, reposter\u00edas, lubricentros, inmobiliarias y minimarkets, restaurantes, entre otros.<\/p>\n<p>La Escuela del Comercio Detallista de la C\u00e1mara de Comercio de Cartagena, en alianza con la Universidad Libre, certific\u00f3 a su segunda promoci\u00f3n de microempresarios y comerciantes en el marco de su estrategia de fortalecimiento del ecosistema empresarial de la regi\u00f3n.<\/p>\n<p><img loading=\"lazy\" decoding=\"async\" class=\"size-medium wp-image-33423 aligncenter\" src=\"https:\/\/www.revistazetta.com\/wp-content\/uploads\/2019\/12\/IMG_0585-300x188.jpg\" alt=\"\" width=\"300\" height=\"188\" \/><\/p>\n<p>\u201cLa C\u00e1mara de Comercio sigue apost\u00e1ndole al fortalecimiento del sector minorista mediante la Escuela del Comercio Detallista, con formaciones y asistencias t\u00e9cnicas para el mejoramiento de las competencias empresariales de los propietarios de los diferentes comercios\u201d, indic\u00f3 Andrea Pi\u00f1a G\u00f3mez, la Directora de Servicios Empresariales de la C\u00e1mara.<\/p>\n<p>De acuerdo con la directiva, el programa completa ahora un total de 139 empresas capacitadas y 190 microempresarios y comerciantes impactados en sus dos versiones.<\/p>\n<p><img loading=\"lazy\" decoding=\"async\" class=\"size-medium wp-image-33424 aligncenter\" src=\"https:\/\/www.revistazetta.com\/wp-content\/uploads\/2019\/12\/IMG_0590-300x188.jpg\" alt=\"\" width=\"300\" height=\"188\" \/><\/p>\n<p>\u201cEste es un momento muy importante para todos nosotros pues destacamos el esfuerzo, el tiempo y la dedicaci\u00f3n de todos aquellos empresarios que dijeron s\u00ed e hicieron parte de este cap\u00edtulo, y que hoy, despu\u00e9s de 8 meses de permanecer incansables, asistiendo a todas las formaciones y aportando su valioso tiempo, podemos decir que hemos logrado el gran objetivo, y es haber contribuido, en gran medida, con su crecimiento profesional y empresarial\u201d, anot\u00f3 Andrea Pi\u00f1a, quien adem\u00e1s resalt\u00f3 la alianza con la Universidad Libre, la cual hizo parte fundamental de la estrategia.<\/p>\n<\/div>\n<\/div>\n<\/div>\n<div>\n<div class=\"gmail_quote\">\n<div dir=\"ltr\">\n<p>\u201cPor segundo a\u00f1o consecutivo y gracias a nuestro convenio interinstitucional, logramos trabajar asistencias t\u00e9cnicas para los empresarios, en las \u00e1reas de mercadeo, sistemas contables, administrativos y jur\u00eddicos, vinculando estudiantes de los diferentes programas, quienes pudieron poner en pr\u00e1ctica sus conocimientos, asistiendo a los empresarios logrando impactar su desarrollo\u201d, destac\u00f3 Edinson Arellano, coordinador de Proyecci\u00f3n Social de la instituci\u00f3n.<\/p>\n<p>La metodolog\u00eda de la asistencia t\u00e9cnica benefici\u00f3 empresarios entre Cartagena y la Jurisdicci\u00f3n en sus \u00e1reas tem\u00e1ticas, dentro de las cuales hubo tiendas, panader\u00edas, droguer\u00edas, ferreter\u00edas, reposter\u00edas, lubricentros, inmobiliarias y minimarkets, restaurantes, entre otros, con el apoyo de 23 estudiantes de la Unilibre.<\/p>\n<p>A los empresarios participantes del programa se les hizo\u00a0acercamiento con entidades como la Dian para que tuvieran, de primera mano, el conocimiento de la nueva tributaci\u00f3n y aclararan sus dudas; con el Establecimiento P\u00fablico Ambiental, EPA, para incentivar al empresario y crear conciencia en la importancia de ser l\u00edderes en la preservaci\u00f3n del medio ambiente; tambi\u00e9n con entidades financieras como el Banco Agrario, con el fin de tener la posibilidad de contar con recursos para financiamiento en sus unidades de negocios.<\/p>\n<p><img loading=\"lazy\" decoding=\"async\" class=\"size-medium wp-image-33425 aligncenter\" src=\"https:\/\/www.revistazetta.com\/wp-content\/uploads\/2019\/12\/IMG_0607-300x188.jpg\" alt=\"\" width=\"300\" height=\"188\" \/><\/p>\n<p><b><span style=\"font-size: large;\">Sobre el comercio detallista<\/span><\/b><\/p>\n<p>El comercio detallista, minorista, o retail, representa aproximadamente el 28.4% de la estructura empresarial de nuestra jurisdicci\u00f3n, genera m\u00e1s del 11.5% del nivel de empleo y m\u00e1s del 5,6% en ventas. En los \u00faltimos 5 a\u00f1os, ha crecido, aproximadamente, el 5% en n\u00famero de empresas y ha incrementado sus activos en 10%, por lo cual, para la C\u00e1mara Comercio de Cartagena, se hace necesario seguir incentivando al sector y toda la cadena de valor.<\/p>\n<p><img loading=\"lazy\" decoding=\"async\" class=\"size-medium wp-image-33422 aligncenter\" src=\"https:\/\/www.revistazetta.com\/wp-content\/uploads\/2019\/12\/IMG_0539-300x188.jpg\" alt=\"\" width=\"300\" height=\"188\" \/><\/p>\n<\/div>\n<\/div>\n<\/div>\n","protected":false},"excerpt":{"rendered":"<p>Lo que comenz\u00f3 como un programa de apoyo t\u00e9cnico a tenderos de Cartagena, creci\u00f3 y se transform\u00f3 en una Escuela del Comercio Detallista, que beneficia ahora a\u00a0panader\u00edas, droguer\u00edas, ferreter\u00edas, reposter\u00edas, lubricentros, inmobiliarias y minimarkets, restaurantes, entre otros. La Escuela del Comercio Detallista de la C\u00e1mara de Comercio de Cartagena, en alianza con la Universidad Libre, certific\u00f3 a su segunda promoci\u00f3n de microempresarios y comerciantes en el marco de su estrategia de fortalecimiento del ecosistema empresarial de la regi\u00f3n. \u201cLa C\u00e1mara de Comercio sigue apost\u00e1ndole al fortalecimiento del sector minorista mediante&#8230; <\/p>\n","protected":false},"author":3,"featured_media":33421,"comment_status":"open","ping_status":"closed","sticky":false,"template":"","format":"standard","meta":{"footnotes":"","_links_to":"","_links_to_target":""},"categories":[3,75,50],"tags":[],"class_list":["post-33420","post","type-post","status-publish","format-standard","has-post-thumbnail","hentry","category-ciudad","category-destacada","category-empresa"],"_links":{"self":[{"href":"https:\/\/revistazetta.com\/index.php?rest_route=\/wp\/v2\/posts\/33420","targetHints":{"allow":["GET"]}}],"collection":[{"href":"https:\/\/revistazetta.com\/index.php?rest_route=\/wp\/v2\/posts"}],"about":[{"href":"https:\/\/revistazetta.com\/index.php?rest_route=\/wp\/v2\/types\/post"}],"author":[{"embeddable":true,"href":"https:\/\/revistazetta.com\/index.php?rest_route=\/wp\/v2\/users\/3"}],"replies":[{"embeddable":true,"href":"https:\/\/revistazetta.com\/index.php?rest_route=%2Fwp%2Fv2%2Fcomments&post=33420"}],"version-history":[{"count":0,"href":"https:\/\/revistazetta.com\/index.php?rest_route=\/wp\/v2\/posts\/33420\/revisions"}],"wp:featuredmedia":[{"embeddable":true,"href":"https:\/\/revistazetta.com\/index.php?rest_route=\/wp\/v2\/media\/33421"}],"wp:attachment":[{"href":"https:\/\/revistazetta.com\/index.php?rest_route=%2Fwp%2Fv2%2Fmedia&parent=33420"}],"wp:term":[{"taxonomy":"category","embeddable":true,"href":"https:\/\/revistazetta.com\/index.php?rest_route=%2Fwp%2Fv2%2Fcategories&post=33420"},{"taxonomy":"post_tag","embeddable":true,"href":"https:\/\/revistazetta.com\/index.php?rest_route=%2Fwp%2Fv2%2Ftags&post=33420"}],"curies":[{"name":"wp","href":"https:\/\/api.w.org\/{rel}","templated":true}]}}