{"id":33426,"date":"2019-12-11T05:49:57","date_gmt":"2019-12-11T10:49:57","guid":{"rendered":"http:\/\/www.revistazetta.com\/?p=33426"},"modified":"2019-12-11T05:49:57","modified_gmt":"2019-12-11T10:49:57","slug":"asamblea-aprueba-vigencias-futuras-30-mil-millones-pae-2020","status":"publish","type":"post","link":"https:\/\/revistazetta.com\/?p=33426","title":{"rendered":"Asamblea aprueba vigencias futuras por $30 mil millones para PAE 2020"},"content":{"rendered":"<p>Con la aprobaci\u00f3n de cuatro proyectos de ordenanza, fue clausurado el \u00faltimo periodo de sesiones extraordinarias del a\u00f1o y del cuatrienio 2016 \u2013 2019.<\/p>\n<p>El presidente de la corporaci\u00f3n, Ignacio Becerra, agradeci\u00f3 a sus colegas por el acompa\u00f1amiento y manifest\u00f3 que \u201choy culmina un periodo de experiencia y aprendizaje, gracias al gobernador de Bol\u00edvar por confiar en la corporaci\u00f3n, aqu\u00ed estuvimos apoyando los proyectos que atendieron las necesidades de los bolivarenses\u201d.<\/p>\n<p>Mery Luz Londo\u00f1o, delegada del gobernador Dumek Turbay, agradeci\u00f3 a la Duma porque \u201chasta este momento dan la batalla para que Bol\u00edvar avance con iniciativas como las vigencias futuras, para que los ni\u00f1os y ni\u00f1as del departamento tengan alimentaci\u00f3n desde el primer d\u00eda de clases\u201d.<\/p>\n<p>Manifest\u00f3 adem\u00e1s que \u201cel tiempo reconocer\u00e1 que esta Asamblea hizo un trabajo con dedicaci\u00f3n y compromiso que el Gobierno departamental resalta\u201d.<\/p>\n<p><img loading=\"lazy\" decoding=\"async\" class=\"size-medium wp-image-33427 aligncenter\" src=\"https:\/\/www.revistazetta.com\/wp-content\/uploads\/2019\/12\/IMG_4987-300x188.jpg\" alt=\"\" width=\"300\" height=\"188\" \/><\/p>\n<p><strong>CUATRO INICIATIVAS FUERON APROBADAS<\/strong><\/p>\n<p>Durante las sesiones extraordinarias, cuatro iniciativas presentadas por el gobierno departamental fueron aprobadas. La primera incorporar\u00e1 al presupuesto de ingresos y apropiaciones de la vigencia 2019, la suma de $319 millones, correspondiente al saldo pendiente por incorporar al presupuesto del recaudo por concepto de cuotas partes pensionales.<\/p>\n<p>El segundo proyecto aprobado modificar\u00eda la ordenanza No. 182 de 2016, por medio de la cual se institucionaliza la realizaci\u00f3n anual de unos festivales en el departamento de Bol\u00edvar. Con esta modificaci\u00f3n se incluye en la agenda cultural del departamento, el fomento, promoci\u00f3n y desarrollo de la cultura de cine FICCI, que ser\u00e1 desarrollado en todos los municipios, con una asignaci\u00f3n anual de $300 millones.<\/p>\n<p>El tercer proyecto adicionar\u00e1 e incorporar\u00e1 al presupuesto recursos por el valor de $1.122 millones, que corresponden a recursos asignados al departamento por parte del Ministerio de Cultura, del impuesto nacional de consumo sobre los servicios de telefon\u00eda, datos, internet y navegaci\u00f3n m\u00f3vil, que se destinan a inversi\u00f3n social en cultura.<\/p>\n<p>El \u00faltimo proyecto, autoriza al gobernador a comprometer vigencias futuras excepcionales por tratarse de un proyecto de importancia estrat\u00e9gica con cargo a la vigencia fiscal 2020, hasta por el monto de $30.038 millones, para el cumplimiento de los compromisos del plan de desarrollo en lo referente a la implementaci\u00f3n del programa de alimentaci\u00f3n escolar, que garantizar\u00eda la puesta en marcha del programa desde el primer d\u00eda del a\u00f1o escolar<\/p>\n<p>&nbsp;<\/p>\n","protected":false},"excerpt":{"rendered":"<p>Con la aprobaci\u00f3n de cuatro proyectos de ordenanza, fue clausurado el \u00faltimo periodo de sesiones extraordinarias del a\u00f1o y del cuatrienio 2016 \u2013 2019. El presidente de la corporaci\u00f3n, Ignacio Becerra, agradeci\u00f3 a sus colegas por el acompa\u00f1amiento y manifest\u00f3 que \u201choy culmina un periodo de experiencia y aprendizaje, gracias al gobernador de Bol\u00edvar por confiar en la corporaci\u00f3n, aqu\u00ed estuvimos apoyando los proyectos que atendieron las necesidades de los bolivarenses\u201d. Mery Luz Londo\u00f1o, delegada del gobernador Dumek Turbay, agradeci\u00f3 a la Duma porque \u201chasta este momento dan la batalla&#8230; <\/p>\n","protected":false},"author":3,"featured_media":0,"comment_status":"open","ping_status":"closed","sticky":false,"template":"","format":"standard","meta":{"footnotes":"","_links_to":"","_links_to_target":""},"categories":[75,28,4],"tags":[],"class_list":["post-33426","post","type-post","status-publish","format-standard","hentry","category-destacada","category-politica-asamblea","category-politica"],"_links":{"self":[{"href":"https:\/\/revistazetta.com\/index.php?rest_route=\/wp\/v2\/posts\/33426","targetHints":{"allow":["GET"]}}],"collection":[{"href":"https:\/\/revistazetta.com\/index.php?rest_route=\/wp\/v2\/posts"}],"about":[{"href":"https:\/\/revistazetta.com\/index.php?rest_route=\/wp\/v2\/types\/post"}],"author":[{"embeddable":true,"href":"https:\/\/revistazetta.com\/index.php?rest_route=\/wp\/v2\/users\/3"}],"replies":[{"embeddable":true,"href":"https:\/\/revistazetta.com\/index.php?rest_route=%2Fwp%2Fv2%2Fcomments&post=33426"}],"version-history":[{"count":0,"href":"https:\/\/revistazetta.com\/index.php?rest_route=\/wp\/v2\/posts\/33426\/revisions"}],"wp:attachment":[{"href":"https:\/\/revistazetta.com\/index.php?rest_route=%2Fwp%2Fv2%2Fmedia&parent=33426"}],"wp:term":[{"taxonomy":"category","embeddable":true,"href":"https:\/\/revistazetta.com\/index.php?rest_route=%2Fwp%2Fv2%2Fcategories&post=33426"},{"taxonomy":"post_tag","embeddable":true,"href":"https:\/\/revistazetta.com\/index.php?rest_route=%2Fwp%2Fv2%2Ftags&post=33426"}],"curies":[{"name":"wp","href":"https:\/\/api.w.org\/{rel}","templated":true}]}}