{"id":33430,"date":"2019-12-12T08:04:36","date_gmt":"2019-12-12T13:04:36","guid":{"rendered":"http:\/\/www.revistazetta.com\/?p=33430"},"modified":"2019-12-12T08:04:36","modified_gmt":"2019-12-12T13:04:36","slug":"distrito-estudia-medidas-seguridad-movilidad-fin-ano-centro-historico-zona-turistica","status":"publish","type":"post","link":"https:\/\/revistazetta.com\/?p=33430","title":{"rendered":"Distrito estudia medidas de seguridad y movilidad para fin de a\u00f1o en Centro Hist\u00f3rico y Zona Tur\u00edstica"},"content":{"rendered":"<p>El alcalde Pedrito Pereira se reuni\u00f3 con autoridades de Polic\u00eda, mar\u00edtimas, gremios, sector hotelero, propietarios de bares, restaurantes y discotecas, Juntas de Acci\u00f3n Comunal de Getseman\u00ed y asociaci\u00f3n del Centro Hist\u00f3rico, para definir horario de Navidad y Fin de A\u00f1o para los establecimientos de rumba y que expenden licor en el Centro Hist\u00f3rico, y temas de seguridad y movilidad para la zona tur\u00edstica.<br \/>\n\u201cEstamos a puertas de tomar decisiones que son habituales para la temporada de Fin de A\u00f1o y queremos socializar las medidas antes de ser expedidas. El a\u00f1o anterior se tuvo una experiencia con las mismas, en cuanto al horario de establecimientos tur\u00edsticos y queremos que esta vez se conozcan las medidas de primera mano\u201d, explic\u00f3 el Alcalde.<br \/>\nSe busca evitar que se repita la historia de 2018, que el Distrito defini\u00f3 que el horario de apertura hasta las 2:00 a.m., y la medida gener\u00f3 inconformismo y despu\u00e9s de varias reuniones se concert\u00f3 hasta las 3:00 a.m.-<br \/>\nEn los pr\u00f3ximos d\u00edas se har\u00e1n mesas de trabajo con los propietarios de bares, discotecas y restaurantes para concertar horario de estos establecimientos, previo a la expedici\u00f3n del decreto reglamentario.<br \/>\n\u201cEscuchamos inquietudes de los propietarios sobre este tema y en consejo de seguridad las analizaremos para tomar las medidas que garanticen la competitividad de la ciudad en materia tur\u00edstica y de diversi\u00f3n, pero igualmente respetando el derecho de las personas que habitan en el Centro, que sufren con los ruidos, y merecen protecci\u00f3n del Estado\u201d, dijo el Alcalde.<br \/>\nCon relaci\u00f3n al control del ruido, el mandatario dijo que se har\u00e1n operativos y que en la playa solo se autorizar\u00e1n eventos diurnos y deportivos.<\/p>\n","protected":false},"excerpt":{"rendered":"<p>El alcalde Pedrito Pereira se reuni\u00f3 con autoridades de Polic\u00eda, mar\u00edtimas, gremios, sector hotelero, propietarios de bares, restaurantes y discotecas, Juntas de Acci\u00f3n Comunal de Getseman\u00ed y asociaci\u00f3n del Centro Hist\u00f3rico, para definir horario de Navidad y Fin de A\u00f1o para los establecimientos de rumba y que expenden licor en el Centro Hist\u00f3rico, y temas de seguridad y movilidad para la zona tur\u00edstica. \u201cEstamos a puertas de tomar decisiones que son habituales para la temporada de Fin de A\u00f1o y queremos socializar las medidas antes de ser expedidas. El a\u00f1o&#8230; <\/p>\n","protected":false},"author":3,"featured_media":33431,"comment_status":"open","ping_status":"closed","sticky":false,"template":"","format":"standard","meta":{"footnotes":"","_links_to":"","_links_to_target":""},"categories":[75,32],"tags":[],"class_list":["post-33430","post","type-post","status-publish","format-standard","has-post-thumbnail","hentry","category-destacada","category-actualidad-distrito"],"_links":{"self":[{"href":"https:\/\/revistazetta.com\/index.php?rest_route=\/wp\/v2\/posts\/33430","targetHints":{"allow":["GET"]}}],"collection":[{"href":"https:\/\/revistazetta.com\/index.php?rest_route=\/wp\/v2\/posts"}],"about":[{"href":"https:\/\/revistazetta.com\/index.php?rest_route=\/wp\/v2\/types\/post"}],"author":[{"embeddable":true,"href":"https:\/\/revistazetta.com\/index.php?rest_route=\/wp\/v2\/users\/3"}],"replies":[{"embeddable":true,"href":"https:\/\/revistazetta.com\/index.php?rest_route=%2Fwp%2Fv2%2Fcomments&post=33430"}],"version-history":[{"count":0,"href":"https:\/\/revistazetta.com\/index.php?rest_route=\/wp\/v2\/posts\/33430\/revisions"}],"wp:featuredmedia":[{"embeddable":true,"href":"https:\/\/revistazetta.com\/index.php?rest_route=\/wp\/v2\/media\/33431"}],"wp:attachment":[{"href":"https:\/\/revistazetta.com\/index.php?rest_route=%2Fwp%2Fv2%2Fmedia&parent=33430"}],"wp:term":[{"taxonomy":"category","embeddable":true,"href":"https:\/\/revistazetta.com\/index.php?rest_route=%2Fwp%2Fv2%2Fcategories&post=33430"},{"taxonomy":"post_tag","embeddable":true,"href":"https:\/\/revistazetta.com\/index.php?rest_route=%2Fwp%2Fv2%2Ftags&post=33430"}],"curies":[{"name":"wp","href":"https:\/\/api.w.org\/{rel}","templated":true}]}}