{"id":33434,"date":"2019-12-12T08:14:51","date_gmt":"2019-12-12T13:14:51","guid":{"rendered":"http:\/\/www.revistazetta.com\/?p=33434"},"modified":"2019-12-12T08:14:51","modified_gmt":"2019-12-12T13:14:51","slug":"momento-las-cuentas-opinion-danilo-contreras","status":"publish","type":"post","link":"https:\/\/revistazetta.com\/?p=33434","title":{"rendered":"Momento de las cuentas &#8211; Opini\u00f3n de Danilo Contreras"},"content":{"rendered":"<p><span style=\"color: #000080;\"><strong>Por Danilo Contreras (Especial para Revista Zetta).-<\/strong><\/span> \u00a0El gobernador Turbay me encarg\u00f3 como Secretario de Agricultura desde junio de 2018 hasta la fecha. Me design\u00f3 sin pertenecer a ning\u00fan grupo pol\u00edtico y ha respetado m\u00ed criterio para adelantar un esfuerzo que ayude a la transformaci\u00f3n del campo y por esa v\u00eda a la consolidaci\u00f3n de la paz, siendo esa su directriz.<\/p>\n<p>Al finalizar vierto, sucinto, un informe de gesti\u00f3n:<\/p>\n<p>1) Fortalecimiento institucional y planeaci\u00f3n. La agricultura en Bol\u00edvar es pre moderna (exigua tecnificaci\u00f3n, escaso cr\u00e9dito, incipiente extensi\u00f3n agropecuaria, carencia de infraestructuras rurales, poca organizaci\u00f3n de productores); por esto concentramos esfuerzos en proveer instituciones para apalancar cambios. Entendimos que era menester formalizar cadenas productivas promisorias a fin de que las buenas pr\u00e1cticas se replicar\u00e1n para todas las l\u00edneas productivas. Aprovechamos la cr\u00edsis de precios del \u00f1ame en Bol\u00edvar (2017) para lograr, en alianza con actores en el territorio (Usaid, Pnud, Koica, secretarias de Sucre y C\u00f3rdoba y asociaciones), que el Ministerio reconociera el \u00f1ame como producto de la canasta agropecuaria. El \u00f1ame no exist\u00eda para el estado Colombiano. Igual esfuerzo se ha iniciado con el aguacate montemariano, con impulso del Ministro Valencia, quien ha expresado que es imperioso sacar nuestro aguacate de la cadena existente pues el Hass opaca las posibilidades de los cultivos en Montes de Mar\u00eda. Esto abre un panorama de desarrollo que se debe aprovechar.<\/p>\n<p>Sacamos el primer Plan de Extensi\u00f3n Agropecuaria, para llevar ciencia, innovaci\u00f3n y tecnolog\u00eda a nuestros campesinos, siendo este un compromiso de los acuerdos de paz. El PDEA llegar\u00e1 a unos 6.000 productores en 41 municipios y ser\u00e1 base para expedir uno nuevo junto con el nuevo Plan de Desarrollo. Destacado esfuerzo de la Asamblea que con la aprobaci\u00f3n esta ordenanza permiti\u00f3 que a Bol\u00edvar llegar\u00e1 una inversi\u00f3n de la naci\u00f3n por m\u00e1s de $4 mil millones.<\/p>\n<p>2. Fortalecimiento de organizaciones. En un departamento que apenas sale del conflicto armado, se impone reconstruir tejido y empoderar a los campesinos organiz\u00e1ndolos. Destacamos la consolidaci\u00f3n de la Federaci\u00f3n Nacional de productores de \u00f1ame para que luchen por su producto tradicional, y la Red de Umatas del Caribe colombiano, creada con m\u00e1s de un centenar de directores de Umatas de 5 departamentos. Entendimos que la Umata es la primera puerta del Estado que toca el campesino y por eso hay que rescatarlas.<\/p>\n<p>3. Nuevas formas de comercializaci\u00f3n. Recurriendo a figuras tradicionales como los mercados campesinos, innovamos y logramos que los cartageneros comprar\u00e1n sin intermediaci\u00f3n a nuestros productores. Destacamos la alianza innovadora con Mall Plaza para generar nuevos nichos de comercio. Impulsamos Expo\u00f1ame, evento que esperamos se repita anualmente.<\/p>\n<p>En riego alcanz\u00f3 para establecer la mesa por la gobernanza y optimizaci\u00f3n del distrito de Marialabaja, presidida por el viceministro Javier P\u00e9rez, cuyo compromiso es conseguir financiaci\u00f3n a los estudios que lo recuperen integralmente, pues las inversiones proyectadas en el Plan Nacional de Desarrollo son pa\u00f1os de agua tibia.<\/p>\n<p>Quedaron muchas tareas, el tiempo nunca alcanza. Fu\u00e9 una experiencia maravillosa.<\/p>\n","protected":false},"excerpt":{"rendered":"<p>Por Danilo Contreras (Especial para Revista Zetta).- \u00a0El gobernador Turbay me encarg\u00f3 como Secretario de Agricultura desde junio de 2018 hasta la fecha. Me design\u00f3 sin pertenecer a ning\u00fan grupo pol\u00edtico y ha respetado m\u00ed criterio para adelantar un esfuerzo que ayude a la transformaci\u00f3n del campo y por esa v\u00eda a la consolidaci\u00f3n de la paz, siendo esa su directriz. Al finalizar vierto, sucinto, un informe de gesti\u00f3n: 1) Fortalecimiento institucional y planeaci\u00f3n. La agricultura en Bol\u00edvar es pre moderna (exigua tecnificaci\u00f3n, escaso cr\u00e9dito, incipiente extensi\u00f3n agropecuaria, carencia de&#8230; <\/p>\n","protected":false},"author":3,"featured_media":33435,"comment_status":"open","ping_status":"closed","sticky":false,"template":"","format":"standard","meta":{"footnotes":"","_links_to":"","_links_to_target":""},"categories":[75,44,65],"tags":[],"class_list":["post-33434","post","type-post","status-publish","format-standard","has-post-thumbnail","hentry","category-destacada","category-materiagris","category-opinion"],"_links":{"self":[{"href":"https:\/\/revistazetta.com\/index.php?rest_route=\/wp\/v2\/posts\/33434","targetHints":{"allow":["GET"]}}],"collection":[{"href":"https:\/\/revistazetta.com\/index.php?rest_route=\/wp\/v2\/posts"}],"about":[{"href":"https:\/\/revistazetta.com\/index.php?rest_route=\/wp\/v2\/types\/post"}],"author":[{"embeddable":true,"href":"https:\/\/revistazetta.com\/index.php?rest_route=\/wp\/v2\/users\/3"}],"replies":[{"embeddable":true,"href":"https:\/\/revistazetta.com\/index.php?rest_route=%2Fwp%2Fv2%2Fcomments&post=33434"}],"version-history":[{"count":0,"href":"https:\/\/revistazetta.com\/index.php?rest_route=\/wp\/v2\/posts\/33434\/revisions"}],"wp:featuredmedia":[{"embeddable":true,"href":"https:\/\/revistazetta.com\/index.php?rest_route=\/wp\/v2\/media\/33435"}],"wp:attachment":[{"href":"https:\/\/revistazetta.com\/index.php?rest_route=%2Fwp%2Fv2%2Fmedia&parent=33434"}],"wp:term":[{"taxonomy":"category","embeddable":true,"href":"https:\/\/revistazetta.com\/index.php?rest_route=%2Fwp%2Fv2%2Fcategories&post=33434"},{"taxonomy":"post_tag","embeddable":true,"href":"https:\/\/revistazetta.com\/index.php?rest_route=%2Fwp%2Fv2%2Ftags&post=33434"}],"curies":[{"name":"wp","href":"https:\/\/api.w.org\/{rel}","templated":true}]}}