{"id":33436,"date":"2019-12-12T08:21:29","date_gmt":"2019-12-12T13:21:29","guid":{"rendered":"http:\/\/www.revistazetta.com\/?p=33436"},"modified":"2020-03-29T18:55:05","modified_gmt":"2020-03-29T23:55:05","slug":"taller-construyendo-pais-este-sabado-mompox","status":"publish","type":"post","link":"https:\/\/revistazetta.com\/?p=33436","title":{"rendered":"Taller Construyendo Pa\u00eds, este s\u00e1bado en Mompox"},"content":{"rendered":"<p>El Gobierno Nacional llegar\u00e1 este s\u00e1bado 14 de diciembre a Mompox, en el departamento de Bol\u00edvar, para llevar a cabo el cierre de los talleres Construyendo Pa\u00eds de este 2019.<\/p>\n<p>Durante los talleres realizados en el 2019, el Presidente Ivan Duque y todo su Gabinete han demostrado un firme compromiso con las regiones, llevando a cabo soluciones efectivas a las problem\u00e1ticas planteadas por los ciudadanos y, por los mandatarios locales y departamentales en las jornadas de di\u00e1logo social.<\/p>\n<p>La Consejera para las Regiones, Karen Abudinen, manifest\u00f3 que llevar a cabo este taller en Mompox genera una gran ilusi\u00f3n para el Gobierno Nacional, pues esta bella ciudad representa un hito para la historia de Colombia y tambi\u00e9n es cuna de s\u00edmbolos de valores que se deben preservar para la construcci\u00f3n de pa\u00eds.<\/p>\n<p>\u201cLlegaremos a Mompox para escuchar a la comunidad y para trabajar de la mano de sus habitantes en acciones que permitir\u00e1n mejores condiciones de vida en materia de salud, servicios b\u00e1sicos, vivienda e educaci\u00f3n\u201d, se\u00f1al\u00f3 Abudinen.<\/p>\n<p>El Taller Construyendo Pa\u00eds ser\u00e1 moderado por el Presidente Iv\u00e1n Duque y la Consejera para las Regiones, Karen Abudinen; como anfitriona estar\u00e1 la Alcaldesa de Mompox, Nubia Isabel Quevedo \u00c1ngel, y contar\u00e1 con la participaci\u00f3n del gobernador de Bol\u00edvar, Dumek Turbay Paz y otros funcionarios de las entidades territoriales.<\/p>\n<p>En Mompox, cuyo centro hist\u00f3rico fue declarado Patrimonio de la Humanidad por la UNESCO, se llevar\u00e1 a cabo la jornada #42 de los talleres Construyendo Pa\u00eds.<\/p>\n<p>El Taller se llevar\u00e1 a cabo en el Centro de Integraci\u00f3n Ciudadana CIC, del barrio La Granja, las puertas se abrir\u00e1n desde las 10:00 de la ma\u00f1ana. Como \u00fanico requisito se requiere la c\u00e9dula de ciudadan\u00eda para el ingreso.<\/p>\n<p>La jornada busca promover la interacci\u00f3n permanente de las autoridades con los ciudadanos para generar participaci\u00f3n e inclusi\u00f3n en la ejecuci\u00f3n de las pol\u00edticas p\u00fablicas.<\/p>\n<p>El taller se transmitir\u00e1 por el Canal Institucional y por la p\u00e1gina web <a href=\"https:\/\/www.presidencia.gov.co\/\" target=\"_blank\" rel=\"noopener noreferrer\" data-saferedirecturl=\"https:\/\/www.google.com\/url?q=https:\/\/www.presidencia.gov.co&amp;source=gmail&amp;ust=1576241366231000&amp;usg=AFQjCNE6tdly75UmrIgQa6ZkaVRr7_EhzQ\">www.presidencia.gov.co<\/a>.<\/p>\n<p><strong>Mesas Tem\u00e1ticas<\/strong><\/p>\n<p>Como antesala al taller, el viernes 13 de diciembre, desde las 7:00 de la ma\u00f1ana, se llevar\u00e1n a cabo las mesas con la comunidad en el Colegio Pinillos.<\/p>\n<p>Salud, justicia y seguridad, transporte e infraestructura, adulto mayor, LGTBI, discapacidad, agro, etnias, educaci\u00f3n, turismo y deportes, gremios, cultura, v\u00edctimas, mujeres y g\u00e9nero, son alguno de las tem\u00e1ticas que se desarrollan en las mesas de trabajo.<\/p>\n<p>Las mesas buscan conocer de primera mano las necesidades y propuestas de los diferentes sectores de la sociedad (comunidad, gobierno local, gremios, entre otros) y mediante un trabajo en equipo, construir la ruta para avanzar hacia la equidad y el desarrollo de la ciudad.<\/p>\n<p>Finalmente, la Consejera para las Regiones, Karen Abudinen, destac\u00f3 el compromiso del Gobierno Nacional con esta regi\u00f3n del pa\u00eds y dijo que \u201cMompox es un orgullo nacional, por su belleza y su valor en nuestra historia. Por eso, es lugar inmejorable, simb\u00f3lico, para decirle al pa\u00eds que seguimos haciendo historia, dialogando con la comunidad y Construyendo Pa\u00eds desde las regiones\u201d.<\/p>\n","protected":false},"excerpt":{"rendered":"<p>El Gobierno Nacional llegar\u00e1 este s\u00e1bado 14 de diciembre a Mompox, en el departamento de Bol\u00edvar, para llevar a cabo el cierre de los talleres Construyendo Pa\u00eds de este 2019. Durante los talleres realizados en el 2019, el Presidente Ivan Duque y todo su Gabinete han demostrado un firme compromiso con las regiones, llevando a cabo soluciones efectivas a las problem\u00e1ticas planteadas por los ciudadanos y, por los mandatarios locales y departamentales en las jornadas de di\u00e1logo social. La Consejera para las Regiones, Karen Abudinen, manifest\u00f3 que llevar a cabo&#8230; <\/p>\n","protected":false},"author":3,"featured_media":33437,"comment_status":"closed","ping_status":"closed","sticky":false,"template":"","format":"standard","meta":{"footnotes":"","_links_to":"","_links_to_target":""},"categories":[2,75,35],"tags":[],"class_list":["post-33436","post","type-post","status-publish","format-standard","has-post-thumbnail","hentry","category-actualidad","category-destacada","category-actualidad-nacion"],"_links":{"self":[{"href":"https:\/\/revistazetta.com\/index.php?rest_route=\/wp\/v2\/posts\/33436","targetHints":{"allow":["GET"]}}],"collection":[{"href":"https:\/\/revistazetta.com\/index.php?rest_route=\/wp\/v2\/posts"}],"about":[{"href":"https:\/\/revistazetta.com\/index.php?rest_route=\/wp\/v2\/types\/post"}],"author":[{"embeddable":true,"href":"https:\/\/revistazetta.com\/index.php?rest_route=\/wp\/v2\/users\/3"}],"replies":[{"embeddable":true,"href":"https:\/\/revistazetta.com\/index.php?rest_route=%2Fwp%2Fv2%2Fcomments&post=33436"}],"version-history":[{"count":0,"href":"https:\/\/revistazetta.com\/index.php?rest_route=\/wp\/v2\/posts\/33436\/revisions"}],"wp:featuredmedia":[{"embeddable":true,"href":"https:\/\/revistazetta.com\/index.php?rest_route=\/wp\/v2\/media\/33437"}],"wp:attachment":[{"href":"https:\/\/revistazetta.com\/index.php?rest_route=%2Fwp%2Fv2%2Fmedia&parent=33436"}],"wp:term":[{"taxonomy":"category","embeddable":true,"href":"https:\/\/revistazetta.com\/index.php?rest_route=%2Fwp%2Fv2%2Fcategories&post=33436"},{"taxonomy":"post_tag","embeddable":true,"href":"https:\/\/revistazetta.com\/index.php?rest_route=%2Fwp%2Fv2%2Ftags&post=33436"}],"curies":[{"name":"wp","href":"https:\/\/api.w.org\/{rel}","templated":true}]}}