{"id":33438,"date":"2019-12-13T06:00:21","date_gmt":"2019-12-13T11:00:21","guid":{"rendered":"http:\/\/www.revistazetta.com\/?p=33438"},"modified":"2020-03-29T18:55:05","modified_gmt":"2020-03-29T23:55:05","slug":"la-primera-dama-se-reunira-papa-francisco-vaticano-materializar-alianza-los-jovenes","status":"publish","type":"post","link":"https:\/\/revistazetta.com\/?p=33438","title":{"rendered":"La Primera Dama se reunir\u00e1 con el Papa Francisco en el Vaticano para materializar alianza por los j\u00f3venes"},"content":{"rendered":"<p>Este viernes 13 de diciembre, la Primera Dama, Mar\u00eda Juliana Ruiz Sandoval, se reunir\u00e1 con el Papa Francisco en Ciudad del Vaticano, para materializar la alianza que tiene como objetivo impulsar a los j\u00f3venes colombianos.<\/p>\n<p>Cabe recordar que el pasado 17 de octubre, la se\u00f1ora Mar\u00eda Juliana sostuvo un encuentro con Jos\u00e9 Mar\u00eda del Corral, Director de Scholas Occurrentes, la fundaci\u00f3n impulsada por el Papa Francisco, durante la cual se acord\u00f3 la mencionada alianza, a trav\u00e9s de \u2018Sac\u00fadete\u2019, iniciativa que lidera la esposa del Presidente Iv\u00e1n Duque.<\/p>\n<p>Sac\u00fadete, en palabras de la Primera Dama, es una iniciativa que busca potencializar los talentos y habilidades de los j\u00f3venes en el pa\u00eds para que se conviertan en agentes de cambio social y logren consolidar proyectos de vida productivos y felices.<\/p>\n<p>Esta iniciativa, a cargo de la Consejer\u00eda para la Juventud, emplea una metodolog\u00eda enfocada en fomentar y desarrollar habilidades emprendedoras y capacidades de la cuarta revoluci\u00f3n industrial. En la actualidad\u00a0 Sac\u00fadete hace presencia en\u00a0 Orito, Putumayo; Puerto Wilches, Santander; Guamal, Meta; y Buenaventura, Valle del Cauca.<\/p>\n<p>Sac\u00fadete (salud, cultura, deporte, tecnolog\u00eda y emprendimiento) es la estrategia del Gobierno Nacional para promover la innovaci\u00f3n y el talento juvenil en el pa\u00eds, y contribuir al cierre de brechas sociales.<\/p>\n<p>As\u00ed mismo, la Primera Dama asistir\u00e1 en Roma a la inauguraci\u00f3n de la nueva sede de Scholas Occurrentes, en la que sostendr\u00e1 un encuentro con los directores de la fundaci\u00f3n.<\/p>\n<p>Algunos de los temas que se abordar\u00e1n ser\u00e1n la implementaci\u00f3n de los programas educativos en los pa\u00edses latinoamericanos y en otras regiones del mundo; la misi\u00f3n de Primera Dama con la educaci\u00f3n, y la\u00a0 importancia de la convocatoria del Papa Francisco sobre el pacto educativo a nivel mundial, programado para el 14 de mayo de 2020.<\/p>\n<p><strong>Sobre Scholas Occurrentes<\/strong><\/p>\n<p>Creada en 2013, est\u00e1 constituida como una organizaci\u00f3n internacional de derecho pontificio. Su misi\u00f3n es lograr la integraci\u00f3n de todos los alumnos del mundo a trav\u00e9s de propuestas tecnol\u00f3gicas, deportivas y art\u00edsticas que promueven la educaci\u00f3n desde la cultura.<\/p>\n<p>Tiene sedes en Argentina, Ciudad del Vaticano, Colombia, Espa\u00f1a, Hait\u00ed, Jap\u00f3n, Italia, M\u00e9xico, Mozambique, Panam\u00e1, Paraguay, Portugal y Ruman\u00eda.<\/p>\n<p>La entidad est\u00e1 presente en 190 pa\u00edses, integra a m\u00e1s de 400.000 centros educativos y llega a m\u00e1s de un mill\u00f3n de ni\u00f1os y j\u00f3venes en todo el mundo.<\/p>\n","protected":false},"excerpt":{"rendered":"<p>Este viernes 13 de diciembre, la Primera Dama, Mar\u00eda Juliana Ruiz Sandoval, se reunir\u00e1 con el Papa Francisco en Ciudad del Vaticano, para materializar la alianza que tiene como objetivo impulsar a los j\u00f3venes colombianos. Cabe recordar que el pasado 17 de octubre, la se\u00f1ora Mar\u00eda Juliana sostuvo un encuentro con Jos\u00e9 Mar\u00eda del Corral, Director de Scholas Occurrentes, la fundaci\u00f3n impulsada por el Papa Francisco, durante la cual se acord\u00f3 la mencionada alianza, a trav\u00e9s de \u2018Sac\u00fadete\u2019, iniciativa que lidera la esposa del Presidente Iv\u00e1n Duque. Sac\u00fadete, en palabras&#8230; <\/p>\n","protected":false},"author":3,"featured_media":0,"comment_status":"closed","ping_status":"closed","sticky":false,"template":"","format":"standard","meta":{"footnotes":"","_links_to":"","_links_to_target":""},"categories":[2,75,35],"tags":[],"class_list":["post-33438","post","type-post","status-publish","format-standard","hentry","category-actualidad","category-destacada","category-actualidad-nacion"],"_links":{"self":[{"href":"https:\/\/revistazetta.com\/index.php?rest_route=\/wp\/v2\/posts\/33438","targetHints":{"allow":["GET"]}}],"collection":[{"href":"https:\/\/revistazetta.com\/index.php?rest_route=\/wp\/v2\/posts"}],"about":[{"href":"https:\/\/revistazetta.com\/index.php?rest_route=\/wp\/v2\/types\/post"}],"author":[{"embeddable":true,"href":"https:\/\/revistazetta.com\/index.php?rest_route=\/wp\/v2\/users\/3"}],"replies":[{"embeddable":true,"href":"https:\/\/revistazetta.com\/index.php?rest_route=%2Fwp%2Fv2%2Fcomments&post=33438"}],"version-history":[{"count":0,"href":"https:\/\/revistazetta.com\/index.php?rest_route=\/wp\/v2\/posts\/33438\/revisions"}],"wp:attachment":[{"href":"https:\/\/revistazetta.com\/index.php?rest_route=%2Fwp%2Fv2%2Fmedia&parent=33438"}],"wp:term":[{"taxonomy":"category","embeddable":true,"href":"https:\/\/revistazetta.com\/index.php?rest_route=%2Fwp%2Fv2%2Fcategories&post=33438"},{"taxonomy":"post_tag","embeddable":true,"href":"https:\/\/revistazetta.com\/index.php?rest_route=%2Fwp%2Fv2%2Ftags&post=33438"}],"curies":[{"name":"wp","href":"https:\/\/api.w.org\/{rel}","templated":true}]}}