{"id":33441,"date":"2019-12-13T06:20:12","date_gmt":"2019-12-13T11:20:12","guid":{"rendered":"http:\/\/www.revistazetta.com\/?p=33441"},"modified":"2020-03-29T18:55:05","modified_gmt":"2020-03-29T23:55:05","slug":"adios-dieta-llego-festival-del-pastel","status":"publish","type":"post","link":"https:\/\/revistazetta.com\/?p=33441","title":{"rendered":"Adi\u00f3s dieta&#8230; \u00a1lleg\u00f3 el Festival del Pastel!"},"content":{"rendered":"<p>La Alcald\u00eda de Cartagena a trav\u00e9s del Instituto de Patrimonio y Cultura de Cartagena (IPCC) realiz\u00f3 el lanzamiento del XXXII Festival del Pastel en los bajos de la Alcald\u00eda.<\/p>\n<p>El festival, que se realizar\u00e1 del 13 al 22 de diciembre en el Parque de la Marina, cuenta con 25 participantes y 10 invitados especiales encargados de vender los mejores pasteles navide\u00f1os.<\/p>\n<p>\u201cEste a\u00f1o adem\u00e1s de los tradicionales pasteles, tendremos puestos de dulces, jugos tropicales, chicha, para acompa\u00f1ar esta delicia culinaria. \u00a1Los esperamos en el tradicional festival frente al Parque de la Marina a partir de ma\u00f1ana!\u201d se\u00f1al\u00f3 el director de IPCC, Iv\u00e1n Sanes.<\/p>\n<p>Durante el festival,\u00a0 los hacedores expondr\u00e1n sus recetas ancestrales a los visitantes. Tambi\u00e9n habr\u00e1 presentaciones musicales y show de danzas en escena.<\/p>\n<p><img loading=\"lazy\" decoding=\"async\" class=\"size-medium wp-image-33443 aligncenter\" src=\"https:\/\/www.revistazetta.com\/wp-content\/uploads\/2019\/12\/PAstel-300x200.jpg\" alt=\"\" width=\"300\" height=\"200\" \/><\/p>\n<p>Estos son los admitidos del Festival del Pastel 2019:<\/p>\n<p>1.\u00a0\u00a0\u00a0 YANETH RAMOS GUERRERO<\/p>\n<p>2.\u00a0\u00a0\u00a0 YANETH G\u00d3MEZ HERN\u00c1NDEZ<\/p>\n<p>3.\u00a0\u00a0\u00a0 VIRGINIA MARIA CHICA MANGONES<\/p>\n<p>4.\u00a0\u00a0\u00a0 ARGEMIRO MANUEL TORREGLOSA BOLA\u00d1OS<\/p>\n<p>5.\u00a0\u00a0\u00a0 JHOSSELIN JUDITH MATOS DIAZ<\/p>\n<p>6.\u00a0\u00a0\u00a0 GLENIS DEL CARMEN CASTRO PERALTA<\/p>\n<p>7.\u00a0\u00a0\u00a0 ELSA DAUTT SERRANO<\/p>\n<p>8.\u00a0\u00a0\u00a0 ALFIA ESTHER PADILLA TAPIA<\/p>\n<p>9.\u00a0\u00a0\u00a0 JUDITH BARRIOS CONTRERAS<\/p>\n<p>10. BERTHA ISABEL GUERRERO ALVAREZ<\/p>\n<p>11. MARIA CRISTINA HURTADO CUETO<\/p>\n<p>12. SONIA MENA PALACIOS<\/p>\n<p>13. GLEY BENITEZ CHICA<\/p>\n<p>14. YENIFER NAVARRO RAMIREZ<\/p>\n<p>15. ANA GEORGINA LEON PATERNINA<\/p>\n<p>16. JOSE GUILLERMO GOMEZ HERRERA<\/p>\n<p>17. MARINA TORRES DE URUETA<\/p>\n<p>18. CARLOS ENRIQUE MENDEZ BARBOZA<\/p>\n<p>19. YULI PAULA ROBLES ESPINIOSA<\/p>\n<p>20. ANA MERCES ANAYA ORTEGA<\/p>\n<p>21. JUANA AGUASLIMPIAS CORDOBA<\/p>\n<p>22. ANA MARCILA SILVERA DE VILLAREAL<\/p>\n<p>23. ROSA ISABEL CABARCAS JIMENEZ<\/p>\n<p>24. YENNIS PATRICIA PACHECO BRAVO<\/p>\n<p>25. MARITZA CASSIANI CABARCAS<br \/>\nA continuaci\u00f3n, IPCC relaciona lista de precios de pasteles:<br \/>\n<strong>Lista de precios:<\/strong><\/p>\n<p>Pastel de una presa &#8212;&#8212;&#8212;&#8212;&#8212;&#8212; $11.000<\/p>\n<p>Pastel Mixto &#8212;&#8212;&#8212;&#8212;&#8212;&#8212;&#8212;&#8212;&#8212;&#8211;$<wbr \/>12.000<\/p>\n<p>Pastel de Gallina Criolla y cerdo &#8212; $14.000<\/p>\n<p>Pastel de Gallina o Pavo &#8212;&#8212;&#8212;&#8212;-$17.000<\/p>\n<p>Pastel Trif\u00e1sico &#8212;&#8212;&#8212;&#8212;&#8212;&#8212;&#8212;&#8212;-$18.<wbr \/>000<\/p>\n","protected":false},"excerpt":{"rendered":"<p>La Alcald\u00eda de Cartagena a trav\u00e9s del Instituto de Patrimonio y Cultura de Cartagena (IPCC) realiz\u00f3 el lanzamiento del XXXII Festival del Pastel en los bajos de la Alcald\u00eda. El festival, que se realizar\u00e1 del 13 al 22 de diciembre en el Parque de la Marina, cuenta con 25 participantes y 10 invitados especiales encargados de vender los mejores pasteles navide\u00f1os. \u201cEste a\u00f1o adem\u00e1s de los tradicionales pasteles, tendremos puestos de dulces, jugos tropicales, chicha, para acompa\u00f1ar esta delicia culinaria. \u00a1Los esperamos en el tradicional festival frente al Parque de&#8230; <\/p>\n","protected":false},"author":3,"featured_media":33442,"comment_status":"closed","ping_status":"closed","sticky":false,"template":"","format":"standard","meta":{"footnotes":"","_links_to":"","_links_to_target":""},"categories":[41,58,75],"tags":[],"class_list":["post-33441","post","type-post","status-publish","format-standard","has-post-thumbnail","hentry","category-cultura","category-cocina","category-destacada"],"_links":{"self":[{"href":"https:\/\/revistazetta.com\/index.php?rest_route=\/wp\/v2\/posts\/33441","targetHints":{"allow":["GET"]}}],"collection":[{"href":"https:\/\/revistazetta.com\/index.php?rest_route=\/wp\/v2\/posts"}],"about":[{"href":"https:\/\/revistazetta.com\/index.php?rest_route=\/wp\/v2\/types\/post"}],"author":[{"embeddable":true,"href":"https:\/\/revistazetta.com\/index.php?rest_route=\/wp\/v2\/users\/3"}],"replies":[{"embeddable":true,"href":"https:\/\/revistazetta.com\/index.php?rest_route=%2Fwp%2Fv2%2Fcomments&post=33441"}],"version-history":[{"count":0,"href":"https:\/\/revistazetta.com\/index.php?rest_route=\/wp\/v2\/posts\/33441\/revisions"}],"wp:featuredmedia":[{"embeddable":true,"href":"https:\/\/revistazetta.com\/index.php?rest_route=\/wp\/v2\/media\/33442"}],"wp:attachment":[{"href":"https:\/\/revistazetta.com\/index.php?rest_route=%2Fwp%2Fv2%2Fmedia&parent=33441"}],"wp:term":[{"taxonomy":"category","embeddable":true,"href":"https:\/\/revistazetta.com\/index.php?rest_route=%2Fwp%2Fv2%2Fcategories&post=33441"},{"taxonomy":"post_tag","embeddable":true,"href":"https:\/\/revistazetta.com\/index.php?rest_route=%2Fwp%2Fv2%2Ftags&post=33441"}],"curies":[{"name":"wp","href":"https:\/\/api.w.org\/{rel}","templated":true}]}}