{"id":33444,"date":"2019-12-13T06:28:26","date_gmt":"2019-12-13T11:28:26","guid":{"rendered":"http:\/\/www.revistazetta.com\/?p=33444"},"modified":"2020-03-29T18:55:05","modified_gmt":"2020-03-29T23:55:05","slug":"concejo-estudia-12-proyectos-extras-30-diciembre","status":"publish","type":"post","link":"https:\/\/revistazetta.com\/?p=33444","title":{"rendered":"Concejo estudia 12 proyectos en extras, hasta el 30 diciembre"},"content":{"rendered":"<p>Se instalaron en el Concejo de Cartagena las sesiones extraordinarias que hasta el 30 de diciembre, los concejales analizaran, debatir\u00e1n y estudiaran 12 iniciativas de proyectos de acuerdo presentados por el alcalde Pedrito Pereira Caballero, mediante el Decreto 1511 del 11 de diciembre de 2019, por medio del cual convoc\u00f3 a extras.<\/p>\n<p>Se trata de 6 proyectos nuevos y otros 6 que se encuentran en tr\u00e1nsito en el Concejo para su aprobaci\u00f3n en segundo debate; entre los que se destacan, la solicitud de facultades para realizar un cr\u00e9dito por $20 mil millones para el proceso de chatarrizaci\u00f3n de buses en el fortalecimiento de Transcaribe y la prorroga al contrato de concesi\u00f3n del servicio de Alumbrado P\u00fablico.<\/p>\n<p>El acto de instalaci\u00f3n estuvo presidido por el secretario del Interior y Convivencia Ciudadana, Jos\u00e9 Carlos Puello, en representaci\u00f3n del alcalde, quien en su palabras de instalaci\u00f3n hizo el llamado a los concejales para trabajar unidos por los intereses de Cartagena y sacar las iniciativas para el beneficio de nuestra sociedad.<\/p>\n<p>Rafael Meza P\u00e9rez, presidente del Concejo, manifest\u00f3 que la corporaci\u00f3n siempre estar\u00e1 atenta a los llamados de la administraci\u00f3n para analizar, estudiar y aprobar todas las iniciativas, que por ley y conveniencia le sirvan a la ciudad. As\u00ed mismo, indic\u00f3 que har\u00e1n prioridad de los proyectos de acuerdos presentados y tratar\u00e1n de evacuar cada d\u00eda, una de estas iniciativas.<\/p>\n<p><strong>Proyectos de acuerdos presentados en las Extras<\/strong><\/p>\n<p>1-\u00a0 Por medio del cual se realiza una incorporaci\u00f3n en el presupuesto de rentas, recursos de capital y recursos de fondos especiales; las apropiaciones de funcionamiento y de servicio de la deuda; as\u00ed como el Plan de Inversiones para la vigencia fiscal del 1\u00b0 de enero al 31 de diciembre de 2019 en el Distrito Tur\u00edstico de Cartagena.<\/p>\n<p>2-\u00a0 Por medio del cual se otorgan facultades al alcalde mayor de Cartagena para celebrar operaciones de cr\u00e9ditos p\u00fablicos y asimilados hasta por la suma de $20 mil millones como fuente de financiaci\u00f3n al proyecto del Sistema Integrado de Transporte Masivo, Transcaribe.<\/p>\n<p>3-\u00a0 Por medio del cual se modifica el Art\u00edculo 279 del Acuerdo 041 del 21 de diciembre de 2006, actual Estatuto Tributario del Distrito Tur\u00edstico y Cultural de Cartagena de Indias.<\/p>\n<p>4-\u00a0 Por medio del cual se modifica el punto 6 relacionado con la Estampilla Pro cultura, Cap\u00edtulo V con destinaci\u00f3n espec\u00edfica, del Acuerdo 041 del 21 de diciembre de 2006. Actual Estatuto Tributario del Distrito de Cartagena de Indias.<\/p>\n<p>5-\u00a0 Por medio del cual se establecen las pol\u00edticas p\u00fablicas de las Tecnolog\u00edas de la Informaci\u00f3n y Comunicaciones, TICS, en el Distrito Tur\u00edstico y Cultural de Cartagena de Indias.<\/p>\n<p>6-\u00a0 Proyecto de Acuerdo 163, por medio del cual se reglamentan la Escuelas y Tiendas Saludables y se ordena prohibir la venda de gaseosas y bebidas azucaradas en las tiendas y cafeter\u00edas escolares en las Instituciones Educativas de Primaria donde existan estudiantes menores de 12 a\u00f1os.<\/p>\n<p>7-\u00a0 Proyecto de Acuerdo 181 por medio del cual, se reglamenta en el Distrito de Cartagena de Indias, el Art\u00edculo 71 del Plan de Desarrollo Nacional que le brinda a los vendedores con confianza leg\u00edtima, el uso y aprovechamiento econ\u00f3mico del espacio p\u00fablico, creaci\u00f3n y reglamentaci\u00f3n de ADN, Espacio P\u00fablico Estrat\u00e9gico de la Ciudad.<\/p>\n<p><strong>8- <\/strong>Proyecto de Acuerdo 183 por medio del cual, se modifica parcialmente la norma que establece la actividad residencial tipo D, para el barrio de Castillogrande.<\/p>\n<p><strong>9- <\/strong>\u00a0Proyecto de Acuerdo 187 por medio del cual, se crea el Consejo de Paz, Reconciliaci\u00f3n, Convivencia y Derechos Humanos de Cartagena de indias.<\/p>\n<p><strong>10-\u00a0\u00a0\u00a0\u00a0\u00a0\u00a0\u00a0\u00a0\u00a0\u00a0\u00a0\u00a0\u00a0\u00a0\u00a0\u00a0\u00a0\u00a0\u00a0\u00a0\u00a0\u00a0 <\/strong>Proyecto de Acuerdo 188, por medio del cual se faculta al Alcalde Mayor de Cartagena de India a celebrar una prorroga y adici\u00f3n al contrato de concesi\u00f3n N\u00b0 9-1333889, celebrado entre el Distrito Tur\u00edstico y Cultural de Cartagena de Indias y la Uni\u00f3n Temporal Ingenier\u00eda, Suministros, Montajes y Construcciones S.A. <a href=\"https:\/\/i.sm\/\" data-saferedirecturl=\"https:\/\/www.google.com\/url?q=https:\/\/I.SM&amp;source=gmail&amp;ust=1576320452537000&amp;usg=AFQjCNFfFf79o58so0Jxmqvad7MvyReivg\">I.SM<\/a>. S.A. y Electroconstrucciones LTDA, de fecha27 de octubre de 1998 y se dictan otras disposiciones.<\/p>\n<p><strong>11-\u00a0\u00a0\u00a0\u00a0\u00a0\u00a0\u00a0\u00a0\u00a0\u00a0\u00a0\u00a0\u00a0\u00a0\u00a0\u00a0\u00a0\u00a0\u00a0\u00a0\u00a0\u00a0 <\/strong>Proyecto de Acuerdo 189 por medio del cual se modifica el Acuerdo 041 del 21 de diciembre 2006 y se introducen todos los elementos para la determinaci\u00f3n de los costos por la prestaci\u00f3n del servicio de Alumbrado P\u00fablica.<\/p>\n<p><strong>12-\u00a0\u00a0\u00a0\u00a0\u00a0\u00a0\u00a0\u00a0\u00a0\u00a0\u00a0\u00a0\u00a0\u00a0\u00a0\u00a0\u00a0\u00a0\u00a0\u00a0\u00a0\u00a0 <\/strong>Proyecto de Acuerdo 190, por medio del cual se crea el Observatorio de la Familia en el Distrito de Cartagena de Indias<\/p>\n","protected":false},"excerpt":{"rendered":"<p>Se instalaron en el Concejo de Cartagena las sesiones extraordinarias que hasta el 30 de diciembre, los concejales analizaran, debatir\u00e1n y estudiaran 12 iniciativas de proyectos de acuerdo presentados por el alcalde Pedrito Pereira Caballero, mediante el Decreto 1511 del 11 de diciembre de 2019, por medio del cual convoc\u00f3 a extras. Se trata de 6 proyectos nuevos y otros 6 que se encuentran en tr\u00e1nsito en el Concejo para su aprobaci\u00f3n en segundo debate; entre los que se destacan, la solicitud de facultades para realizar un cr\u00e9dito por $20&#8230; <\/p>\n","protected":false},"author":3,"featured_media":33446,"comment_status":"closed","ping_status":"closed","sticky":false,"template":"","format":"standard","meta":{"footnotes":"","_links_to":"","_links_to_target":""},"categories":[75,27,4],"tags":[],"class_list":["post-33444","post","type-post","status-publish","format-standard","has-post-thumbnail","hentry","category-destacada","category-politicaconcejo","category-politica"],"_links":{"self":[{"href":"https:\/\/revistazetta.com\/index.php?rest_route=\/wp\/v2\/posts\/33444","targetHints":{"allow":["GET"]}}],"collection":[{"href":"https:\/\/revistazetta.com\/index.php?rest_route=\/wp\/v2\/posts"}],"about":[{"href":"https:\/\/revistazetta.com\/index.php?rest_route=\/wp\/v2\/types\/post"}],"author":[{"embeddable":true,"href":"https:\/\/revistazetta.com\/index.php?rest_route=\/wp\/v2\/users\/3"}],"replies":[{"embeddable":true,"href":"https:\/\/revistazetta.com\/index.php?rest_route=%2Fwp%2Fv2%2Fcomments&post=33444"}],"version-history":[{"count":0,"href":"https:\/\/revistazetta.com\/index.php?rest_route=\/wp\/v2\/posts\/33444\/revisions"}],"wp:featuredmedia":[{"embeddable":true,"href":"https:\/\/revistazetta.com\/index.php?rest_route=\/wp\/v2\/media\/33446"}],"wp:attachment":[{"href":"https:\/\/revistazetta.com\/index.php?rest_route=%2Fwp%2Fv2%2Fmedia&parent=33444"}],"wp:term":[{"taxonomy":"category","embeddable":true,"href":"https:\/\/revistazetta.com\/index.php?rest_route=%2Fwp%2Fv2%2Fcategories&post=33444"},{"taxonomy":"post_tag","embeddable":true,"href":"https:\/\/revistazetta.com\/index.php?rest_route=%2Fwp%2Fv2%2Ftags&post=33444"}],"curies":[{"name":"wp","href":"https:\/\/api.w.org\/{rel}","templated":true}]}}