{"id":33462,"date":"2019-12-19T07:46:22","date_gmt":"2019-12-19T12:46:22","guid":{"rendered":"http:\/\/www.revistazetta.com\/?p=33462"},"modified":"2020-03-29T18:55:05","modified_gmt":"2020-03-29T23:55:05","slug":"sordo-gremios-rechazan-pemp","status":"publish","type":"post","link":"https:\/\/revistazetta.com\/?p=33462","title":{"rendered":"Por \u00absordo\u00bb, gremios rechazan el PEMP"},"content":{"rendered":"<p>La dificultad en obtener informaci\u00f3n y las deficiencias en la publicidad del documento, fueron los argumentos b\u00e1sicos por los que el Consejo Gremial de Bol\u00edvar rechaz\u00f3 la presentaci\u00f3n del documento PEMP a Mincultura.<\/p>\n<p>En este comunicado explican sus razones:<\/p>\n<blockquote><p><em><span style=\"font-size: small; font-family: arial, serif; color: #000080;\">Teniendo en cuenta que el Secretario de Planeaci\u00f3n Distrital, Iv\u00e1n Dario Castro Romero, ha radicado ante la Direcci\u00f3n de Patrimonio y Memoria del Ministerio de Cultura el \u201cdocumento PEMP del Centro Hist\u00f3rico de Cartagena de Indias en proceso de socializaci\u00f3n y definici\u00f3n del documento final\u201d para evaluaci\u00f3n de su diagn\u00f3stico, formulaci\u00f3n y documento normativo, el Consejo Gremial de Bol\u00edvar reitera su preocupaci\u00f3n y se manifiesta en oposici\u00f3n seg\u00fan razones previamente expresadas ante la administraci\u00f3n distrital y ciudadan\u00eda cartagenera.<\/span><\/em><\/p>\n<p align=\"justify\"><em><span style=\"color: #000080;\"><span style=\"font-family: arial, serif;\"><span style=\"font-size: small;\">El 28 de mayo del presente a\u00f1o comunicamos que \u201ce<\/span><\/span><span style=\"font-family: Arial, serif;\"><span style=\"font-size: small;\">n el proceso de socializaci\u00f3n del PEMP para el Centro Hist\u00f3rico, no se cumplen m\u00ednimamente los criterios de publicidad y acceso a la informaci\u00f3n, con los que se permitir\u00eda la participaci\u00f3n, la recolecci\u00f3n de las observaciones, sugerencias a las que haya lugar y tal vez uno de los aspectos m\u00e1s importantes, resolver las inquietudes que con respecto del diagn\u00f3stico surjan en el proceso por parte de los diferentes actores<\/span><\/span><span style=\"font-family: Arial, serif;\"><span style=\"font-size: small;\">\u201d.<\/span><\/span><\/span><\/em><\/p>\n<p align=\"justify\"><em><span style=\"font-family: Arial, serif; color: #000080;\"><span style=\"font-size: small;\">En otro comunicado enviado a la prensa el 10 de junio del mismo a\u00f1o afirmamos que \u201cel consenso frente a este proyecto es fundamental para que todas las voces de la ciudad se unan a \u00e9l, cuando la Alcald\u00eda lo radique ante el Gobierno Nacional. No hacerlo ser\u00eda seguir aplazando, por discusiones interminables, este instrumento estrat\u00e9gico de planeaci\u00f3n que tanta falta le hace al Centro Hist\u00f3rico de la ciudad de Cartagena\u201d.<\/span><\/span><\/em><\/p>\n<p align=\"justify\"><em><span style=\"color: #000080;\"><span style=\"font-family: arial, serif;\"><span style=\"font-size: small;\">Por lo anterior \u201ctodos los sectores representados en el Consejo Gremial de Bol\u00edvar manifestamos nuestra oposici\u00f3n en espera de que se retire el documento radicado y se socialice la versi\u00f3n final tal y como se hab\u00eda informado se har\u00eda, y as\u00ed evitar el<\/span><\/span><span style=\"font-family: arial, serif;\"><span style=\"font-size: small;\"><span lang=\"es-ES\"> riesgo sobre la sostenibilidad del patrimonio al no haberse elaborado seg\u00fan las directrices del propio Ministerio y las recomendaciones de Unesco\u201d (Recomendaciones sobre el Paisaje Urbano Hist\u00f3rico, 2011).<\/span><\/span><\/span><\/span><\/em><\/p>\n<\/blockquote>\n","protected":false},"excerpt":{"rendered":"<p>La dificultad en obtener informaci\u00f3n y las deficiencias en la publicidad del documento, fueron los argumentos b\u00e1sicos por los que el Consejo Gremial de Bol\u00edvar rechaz\u00f3 la presentaci\u00f3n del documento PEMP a Mincultura. En este comunicado explican sus razones: Teniendo en cuenta que el Secretario de Planeaci\u00f3n Distrital, Iv\u00e1n Dario Castro Romero, ha radicado ante la Direcci\u00f3n de Patrimonio y Memoria del Ministerio de Cultura el \u201cdocumento PEMP del Centro Hist\u00f3rico de Cartagena de Indias en proceso de socializaci\u00f3n y definici\u00f3n del documento final\u201d para evaluaci\u00f3n de su diagn\u00f3stico, formulaci\u00f3n&#8230; <\/p>\n","protected":false},"author":3,"featured_media":33463,"comment_status":"closed","ping_status":"closed","sticky":false,"template":"","format":"standard","meta":{"footnotes":"","_links_to":"","_links_to_target":""},"categories":[75,3,50],"tags":[],"class_list":["post-33462","post","type-post","status-publish","format-standard","has-post-thumbnail","hentry","category-destacada","category-ciudad","category-empresa"],"_links":{"self":[{"href":"https:\/\/revistazetta.com\/index.php?rest_route=\/wp\/v2\/posts\/33462","targetHints":{"allow":["GET"]}}],"collection":[{"href":"https:\/\/revistazetta.com\/index.php?rest_route=\/wp\/v2\/posts"}],"about":[{"href":"https:\/\/revistazetta.com\/index.php?rest_route=\/wp\/v2\/types\/post"}],"author":[{"embeddable":true,"href":"https:\/\/revistazetta.com\/index.php?rest_route=\/wp\/v2\/users\/3"}],"replies":[{"embeddable":true,"href":"https:\/\/revistazetta.com\/index.php?rest_route=%2Fwp%2Fv2%2Fcomments&post=33462"}],"version-history":[{"count":0,"href":"https:\/\/revistazetta.com\/index.php?rest_route=\/wp\/v2\/posts\/33462\/revisions"}],"wp:featuredmedia":[{"embeddable":true,"href":"https:\/\/revistazetta.com\/index.php?rest_route=\/wp\/v2\/media\/33463"}],"wp:attachment":[{"href":"https:\/\/revistazetta.com\/index.php?rest_route=%2Fwp%2Fv2%2Fmedia&parent=33462"}],"wp:term":[{"taxonomy":"category","embeddable":true,"href":"https:\/\/revistazetta.com\/index.php?rest_route=%2Fwp%2Fv2%2Fcategories&post=33462"},{"taxonomy":"post_tag","embeddable":true,"href":"https:\/\/revistazetta.com\/index.php?rest_route=%2Fwp%2Fv2%2Ftags&post=33462"}],"curies":[{"name":"wp","href":"https:\/\/api.w.org\/{rel}","templated":true}]}}