{"id":33464,"date":"2019-12-19T07:56:50","date_gmt":"2019-12-19T12:56:50","guid":{"rendered":"http:\/\/www.revistazetta.com\/?p=33464"},"modified":"2020-03-29T18:55:05","modified_gmt":"2020-03-29T23:55:05","slug":"cartagena-alumbrado-publico-solar-opinion-alvaro-royo-desde-xiamen","status":"publish","type":"post","link":"https:\/\/revistazetta.com\/?p=33464","title":{"rendered":"Cartagena y su alumbrado p\u00fablico solar &#8211; Opini\u00f3n de \u00c1lvaro Royo desde Xiamen"},"content":{"rendered":"<p><strong>Por \u00c1lvaro Royo (Especial para Revista Zetta).-<\/strong> \u00a0En Estados Unidos, en Europa, en Asia, en \u00c1frica, en Centro Am\u00e9rica, pa\u00edses pobres, pa\u00edses desarrollados. De todos los tipos hoy en d\u00eda se est\u00e1n pasando a la energ\u00eda solar para iluminar sus calles, avenidas y monumentos, no cuesta un centavo, no contamina, le ahorramos a la atm\u00f3sfera millones de toneladas de C02 anuales y es m\u00e1s eficiente.\u00a0 \u00bfQuien quiere m\u00e1s?<\/p>\n<p>Se destapan todos los d\u00edas en Cartagena \u00abembolaos\u00bb de los negocios que han hecho y que quieren seguir haciendo particulares que no han sido los m\u00e1s beneficiosos para la salud financiera del Distrito.<\/p>\n<p><strong><img loading=\"lazy\" decoding=\"async\" class=\"size-medium wp-image-33465 alignright\" src=\"https:\/\/www.revistazetta.com\/wp-content\/uploads\/2019\/12\/12-300x251.jpg\" alt=\"\" width=\"300\" height=\"251\" \/><\/strong>Ahora el tema es con la concesi\u00f3n del alumbrado p\u00fablico, y que insiste nuevamente\u00a0 nuestro cada vez m\u00e1s desdibujado Alcalde Pedrito. Y no es que no nos caiga bien Pedrito, pero lo que s\u00ed est\u00e1 claro es que cada d\u00eda nos gusta menos.<\/p>\n<p>Llevar la situaci\u00f3n de la pr\u00f3rroga de la concesi\u00f3n del alumbrado p\u00fablico al nivel en que se encuentra en estos momentos nos deja con el mal sabor de la trampa preparada para que por descarte la \u00fanica opci\u00f3n sea prorrogar o prorrogar, ese es un problema que tienen muchos de los dirigentes con que contamos en la ciudad y es que viven en un universo donde solo tienen ojos para mirarse el ombligo, no saben lo que est\u00e1 pasando en el resto del mundo ni en ciencia ni en tecnolog\u00eda y si por error llegan a enterarse piensan que eso est\u00e1 sucediendo en otro planeta pero no en la tierra donde se encuentra Cartagena.<\/p>\n<p>Y tienen en la mente metido el tema de que estamos a a\u00f1os luz de esos pa\u00edses, que somos diferentes, que somos tropicales, en fin que no podemos enderezar las cosas, que todo tiene que seguir as\u00ed.<\/p>\n<p>A estos dirigentes y al mismo William Murra, quien lleva la interventor\u00eda por parte del Distrito, hay que decirles que existe hoy en d\u00eda algo que se llama luces de alumbrado p\u00fablico solares, si se\u00f1ores, l\u00e1mparas para alumbrar las calles y que funcionan con la energ\u00eda del sol, limpia, inagotable y gratis.<\/p>\n<p><img loading=\"lazy\" decoding=\"async\" class=\"size-medium wp-image-33466 alignright\" src=\"https:\/\/www.revistazetta.com\/wp-content\/uploads\/2019\/12\/13-300x169.jpg\" alt=\"\" width=\"300\" height=\"169\" \/>Y no solamente para las luminarias de las calles y avenidas,tambi\u00e9n para todos los monumentos hist\u00f3ricos de la ciudad,Cartagena es una ciudad solarmente privilegiada, tenemos sol de 6 a 6, doce horas diarias, ese es un regalo de Pap\u00e1\u00a0 Dios que hay que aprovechar para no seguir botando los recursos p\u00fablicos en negocitos de particulares y puedan canalizarse esos dineros en proyectos que la ciudad necesita con extrema urgencia.<\/p>\n<p>No solo se van a ahorrar miles de millones si no que se convertir\u00eda Cartagena en una ciudad pionera de Colombia en dar ese paso necesario y urgente al uso de energ\u00edas limpias, y algo que le cambiar\u00eda la cara a la ciudad porque desaparecer\u00eda el cableado a\u00e9reo feo, de mal aspecto.<\/p>\n<p>Estas luces solares pueden garantizar 72 horas de iluminaci\u00f3n en caso que, por ejemplo, estuvo lloviendo y no sali\u00f3 el sol en 5 d\u00edas, caso que ser\u00eda extra\u00f1o en nuestra ciudad.<\/p>\n<p>No veo raz\u00f3n alguna por qu\u00e9 desechar un recurso que es gratis y limpio como el sol por una concesi\u00f3n costosa, sucia, fea y obsoleta.<\/p>\n<p>A estos eran los goles a los cuales se refer\u00eda el procurador Fernando Carrillo que usualmente meten las administraciones cuando van de salida, en su agon\u00eda y a punto de terminar mandato hacen negocios extremadamente perjudiciales para la ciudad y vi\u00e9ndonos la cara de tonto a todos.<\/p>\n<p><img loading=\"lazy\" decoding=\"async\" class=\"size-medium wp-image-33467 alignright\" src=\"https:\/\/www.revistazetta.com\/wp-content\/uploads\/2019\/12\/14-300x212.jpg\" alt=\"\" width=\"300\" height=\"212\" \/>Pedrito que se vaya a jugar un partido de f\u00fatbol el 2 de enero y le deseamos que meta muchos goles, pero al equipo contrario, en franca lid pero por favor no nos meta este tipo de goles a los cartageneros que de verdad el fastidio con estas acciones mezquinas es general, h\u00e1gale la lectura a lo que se vot\u00f3 el 27 de octubre y si realmente tiene aspiraciones pol\u00edticas a futuro, por lo menos en Cartagena, juege limpio y salga de all\u00ed con una sonrisa y con la frente en alto, no agachado y escondi\u00e9ndose porque nos hizo tragar ese sapo gigantesco de la pr\u00f3rroga del alumbrado p\u00fablico que no nos da la gana de trag\u00e1rnoslo.<\/p>\n<p>Pero usted insiste, pare all\u00ed, \u00a1no prorrogue esa vaina! O bueno si, prorr\u00f3guelo pero por 6 meses<\/p>\n<p>Como siempre all\u00ed est\u00e1 mi email al pie de p\u00e1gina para los que quieran escribirme sus opiniones acerca del tema y con mucho gusto les responder\u00e9<\/p>\n<p>&nbsp;<\/p>\n<p>\u00a1Un abrazo!<\/p>\n<p>\u00c1lvaro Royo B\u00e1rcenas<\/p>\n<p>enchina@gmail.com<\/p>\n<p><a href=\"https:\/\/www.alvaroroyo.com\/\" target=\"_blank\" rel=\"noopener\">www.alvaroroyo.com<\/a><\/p>\n<p>0086-13559231344<\/p>\n<p>&nbsp;<\/p>\n","protected":false},"excerpt":{"rendered":"<p>Por \u00c1lvaro Royo (Especial para Revista Zetta).- \u00a0En Estados Unidos, en Europa, en Asia, en \u00c1frica, en Centro Am\u00e9rica, pa\u00edses pobres, pa\u00edses desarrollados. De todos los tipos hoy en d\u00eda se est\u00e1n pasando a la energ\u00eda solar para iluminar sus calles, avenidas y monumentos, no cuesta un centavo, no contamina, le ahorramos a la atm\u00f3sfera millones de toneladas de C02 anuales y es m\u00e1s eficiente.\u00a0 \u00bfQuien quiere m\u00e1s? Se destapan todos los d\u00edas en Cartagena \u00abembolaos\u00bb de los negocios que han hecho y que quieren seguir haciendo particulares que no&#8230; <\/p>\n","protected":false},"author":3,"featured_media":33468,"comment_status":"closed","ping_status":"closed","sticky":false,"template":"","format":"standard","meta":{"footnotes":"","_links_to":"","_links_to_target":""},"categories":[75,44,65],"tags":[],"class_list":["post-33464","post","type-post","status-publish","format-standard","has-post-thumbnail","hentry","category-destacada","category-materiagris","category-opinion"],"_links":{"self":[{"href":"https:\/\/revistazetta.com\/index.php?rest_route=\/wp\/v2\/posts\/33464","targetHints":{"allow":["GET"]}}],"collection":[{"href":"https:\/\/revistazetta.com\/index.php?rest_route=\/wp\/v2\/posts"}],"about":[{"href":"https:\/\/revistazetta.com\/index.php?rest_route=\/wp\/v2\/types\/post"}],"author":[{"embeddable":true,"href":"https:\/\/revistazetta.com\/index.php?rest_route=\/wp\/v2\/users\/3"}],"replies":[{"embeddable":true,"href":"https:\/\/revistazetta.com\/index.php?rest_route=%2Fwp%2Fv2%2Fcomments&post=33464"}],"version-history":[{"count":0,"href":"https:\/\/revistazetta.com\/index.php?rest_route=\/wp\/v2\/posts\/33464\/revisions"}],"wp:featuredmedia":[{"embeddable":true,"href":"https:\/\/revistazetta.com\/index.php?rest_route=\/wp\/v2\/media\/33468"}],"wp:attachment":[{"href":"https:\/\/revistazetta.com\/index.php?rest_route=%2Fwp%2Fv2%2Fmedia&parent=33464"}],"wp:term":[{"taxonomy":"category","embeddable":true,"href":"https:\/\/revistazetta.com\/index.php?rest_route=%2Fwp%2Fv2%2Fcategories&post=33464"},{"taxonomy":"post_tag","embeddable":true,"href":"https:\/\/revistazetta.com\/index.php?rest_route=%2Fwp%2Fv2%2Ftags&post=33464"}],"curies":[{"name":"wp","href":"https:\/\/api.w.org\/{rel}","templated":true}]}}