{"id":33469,"date":"2019-12-19T08:05:04","date_gmt":"2019-12-19T13:05:04","guid":{"rendered":"http:\/\/www.revistazetta.com\/?p=33469"},"modified":"2020-03-29T18:55:05","modified_gmt":"2020-03-29T23:55:05","slug":"pedrito-no-sabe-leer-opinion-danilo-contreras","status":"publish","type":"post","link":"https:\/\/revistazetta.com\/?p=33469","title":{"rendered":"Pedrito no sabe leer \u2013 Opini\u00f3n de Danilo Contreras"},"content":{"rendered":"<p><strong>Por Danilo Contreras (Especial para Revista Zetta &#8211; 20 a\u00f1os).-<\/strong> \u00a0Pocos a\u00f1os tan agitados como el que est\u00e1 a punto de terminar. Las protestas y movilizaciones ciudadanas se multiplican por doquier en las grandes metr\u00f3polis del mundo. Cartagena no escapa a ese malestar.<\/p>\n<p>En una conferencia ofrecida en noviembre de 2015, Zygmunt Bauman se refer\u00eda al momento actual como un \u201cinterregnum\u201d, un tiempo de confusi\u00f3n en el que lo viejo dejaba de existir pero lo nuevo no terminaba de nacer, seg\u00fan lo expres\u00f3 tambi\u00e9n Antonio Gramsci en sus \u201cCuadernos de la c\u00e1rcel\u201d.<\/p>\n<p>Es frecuente escuchar que la democracia esta en cr\u00edsis e inclusive se afirma su decadencia. Yo por el contrario, quiz\u00e1s ingenuamente, creo que la ciudadan\u00eda apenas va despertando a una idea m\u00e1s profunda de lo que es el gobierno del pueblo. La inequidad y el abuso de los poderosos han provocado esta reacci\u00f3n.<\/p>\n<p>Sin embargo los l\u00edderes no aprenden y se aferran a las viejas formas que han incubado sus privilegios. No saben leer la realidad.<\/p>\n<p>M\u00e1s all\u00e1 de las consideraciones jur\u00eddicas acerca de la eventual ilegalidad de la firma de la APP \u201cCorredor tur\u00edstico y portuario\u201d, por parte del alcalde encargado, un an\u00e1lisis sociol\u00f3gico y pol\u00edtico de este atropello, nos indica que las autoridades siguen ampar\u00e1ndose en la interpretaci\u00f3n falaz de los textos jur\u00eddicos para desconocer la evidencia de la voluntad popular.<\/p>\n<p>Por estos d\u00edas m\u00e1s que nunca, amplios sectores de la sociedad c\u00edvil han recalcado el car\u00e1cter de encargo con que el alcalde ejerce su autoridad, vale decir, el burgomaestre no fue elegido por el pueblo, y tal vez por eso no interpreta el rechazo popular a la condena que el proyecto referido le impone a la ciudadan\u00eda en cuanto al pago de peajes por 30 a\u00f1os m\u00e1s para financiar un proyecto cuyos alcances son dudosos.<\/p>\n<p>Contrario a esto, el Concejo de Cartagena que en milagrosa actitud resolvi\u00f3 ponerse del lado de los cartageneros que los eligieron en las urnas, ha hecho expresa su oposici\u00f3n a esta imposici\u00f3n impopular de Pereira.<\/p>\n<p>Pocos proyectos en el \u00faltimo tiempo han tenido tal rechazo como el de marras. La gente de Manga, de Mart\u00ednez Martelo, del Barrio Chino y los cartageneros en general han protestado y se han movilizado para dejar constancia de su insatisfacci\u00f3n. Sin embargo el alcalde se ampara en la falacia del t\u00e9rmino \u201csocializaci\u00f3n\u201d y en las publicaciones en el \u201cSecop\u201d que ordena la ley, para burlarse del clamor popular.<\/p>\n<p>El gobierno nacional que deslegitima las movilizaciones de las \u00faltimas semanas, hace mutis por el foro frente a este abuso. La vicepresidenta que fung\u00eda como hada madrina y redentora de la ciudad a quien Pedrito deb\u00eda rendirle cuentas de cada uno de sus pasos, guarda un silencio que se parece demasiado a la complicidad.<\/p>\n<p>He dicho que trato de imponerme como lema aquel seg\u00fan el cual quien se \u201cemputa\u201d pierde, pues la reflexi\u00f3n se nubla, pero con estos abusos qui\u00e9n no se indigna.<\/p>\n","protected":false},"excerpt":{"rendered":"<p>Por Danilo Contreras (Especial para Revista Zetta &#8211; 20 a\u00f1os).- \u00a0Pocos a\u00f1os tan agitados como el que est\u00e1 a punto de terminar. Las protestas y movilizaciones ciudadanas se multiplican por doquier en las grandes metr\u00f3polis del mundo. Cartagena no escapa a ese malestar. En una conferencia ofrecida en noviembre de 2015, Zygmunt Bauman se refer\u00eda al momento actual como un \u201cinterregnum\u201d, un tiempo de confusi\u00f3n en el que lo viejo dejaba de existir pero lo nuevo no terminaba de nacer, seg\u00fan lo expres\u00f3 tambi\u00e9n Antonio Gramsci en sus \u201cCuadernos de&#8230; <\/p>\n","protected":false},"author":3,"featured_media":33470,"comment_status":"closed","ping_status":"closed","sticky":false,"template":"","format":"standard","meta":{"footnotes":"","_links_to":"","_links_to_target":""},"categories":[75,44,65],"tags":[],"class_list":["post-33469","post","type-post","status-publish","format-standard","has-post-thumbnail","hentry","category-destacada","category-materiagris","category-opinion"],"_links":{"self":[{"href":"https:\/\/revistazetta.com\/index.php?rest_route=\/wp\/v2\/posts\/33469","targetHints":{"allow":["GET"]}}],"collection":[{"href":"https:\/\/revistazetta.com\/index.php?rest_route=\/wp\/v2\/posts"}],"about":[{"href":"https:\/\/revistazetta.com\/index.php?rest_route=\/wp\/v2\/types\/post"}],"author":[{"embeddable":true,"href":"https:\/\/revistazetta.com\/index.php?rest_route=\/wp\/v2\/users\/3"}],"replies":[{"embeddable":true,"href":"https:\/\/revistazetta.com\/index.php?rest_route=%2Fwp%2Fv2%2Fcomments&post=33469"}],"version-history":[{"count":0,"href":"https:\/\/revistazetta.com\/index.php?rest_route=\/wp\/v2\/posts\/33469\/revisions"}],"wp:featuredmedia":[{"embeddable":true,"href":"https:\/\/revistazetta.com\/index.php?rest_route=\/wp\/v2\/media\/33470"}],"wp:attachment":[{"href":"https:\/\/revistazetta.com\/index.php?rest_route=%2Fwp%2Fv2%2Fmedia&parent=33469"}],"wp:term":[{"taxonomy":"category","embeddable":true,"href":"https:\/\/revistazetta.com\/index.php?rest_route=%2Fwp%2Fv2%2Fcategories&post=33469"},{"taxonomy":"post_tag","embeddable":true,"href":"https:\/\/revistazetta.com\/index.php?rest_route=%2Fwp%2Fv2%2Ftags&post=33469"}],"curies":[{"name":"wp","href":"https:\/\/api.w.org\/{rel}","templated":true}]}}