{"id":3347,"date":"2014-10-17T07:51:57","date_gmt":"2014-10-17T12:51:57","guid":{"rendered":"http:\/\/www.revistazetta.com\/?p=3347"},"modified":"2014-10-17T07:51:57","modified_gmt":"2014-10-17T12:51:57","slug":"david-white-un-irlandes-en-los-ruedos","status":"publish","type":"post","link":"https:\/\/revistazetta.com\/?p=3347","title":{"rendered":"David White, un irland\u00e9s en los ruedos"},"content":{"rendered":"<p><span style=\"line-height: 1.5em;\">David White, &#8216;El Irland\u00e9s&#8217; en los carteles,\u00a0pasar\u00e1 a formar parte del escalaf\u00f3n de novilleros este domingo. El joven espada debutar\u00e1 con picadores en la localidad madrile\u00f1a de Estremera, en un cartel junto al calat\u00e1n Abel Robles y con novillos de Jos\u00e9 Mar\u00eda L\u00f3pez de la Torre.\u00a0<\/span><\/p>\n<p><a href=\"https:\/\/www.revistazetta.com\/wp-content\/uploads\/2014\/10\/El-irland\u00e9s-6.jpg\"><img loading=\"lazy\" decoding=\"async\" class=\"size-medium wp-image-3350 alignright\" alt=\"El irland\u00e9s 6\" src=\"https:\/\/www.revistazetta.com\/wp-content\/uploads\/2014\/10\/El-irland\u00e9s-6-187x300.jpg\" width=\"187\" height=\"300\" srcset=\"https:\/\/revistazetta.com\/wp-content\/uploads\/2014\/10\/El-irland\u00e9s-6-187x300.jpg 187w, https:\/\/revistazetta.com\/wp-content\/uploads\/2014\/10\/El-irland\u00e9s-6.jpg 360w\" sizes=\"auto, (max-width: 187px) 100vw, 187px\" \/><\/a>La Fiesta no entiende de nacionalidades. As\u00ed lo demuestra la historia de El Irland\u00e9s, que se present\u00f3 en p\u00fablico en mayo de la temporada 2012 en un pueblo de Ciudad Real. Un debut nada corriente, pues se trataba de un novillero de\u00a0Irlanda del\u00a0Norte vestido de luces que se llama y anuncia como David White.<\/p>\n<p>Los que le conocen cuentan que en el a\u00f1o 2000 viaj\u00f3 a Madrid, asisti\u00f3 a un festejo en la plaza de Las Ventas y qued\u00f3 fascinado con todo cuanto presenci\u00f3, hasta tal punto que empez\u00f3 a merodear en su cabeza la idea de ponerse delante de una becerra y probar fortuna, primero en el campo y luego en la plaza.<\/p>\n<p>M\u00e1s de una d\u00e9cada despu\u00e9s, los que le han visto torear aseguran que a pesar de su biso\u00f1ez tiene valor y hasta cierto &#8216;pellizco&#8217; a la hora de interpretar las suertes. De momento, su presentaci\u00f3n se sald\u00f3 con el corte de tres orejas y una triunfal salida en hombros. Y de su \u00e9xito se hicieron eco varios medios y televisiones tanto de su pa\u00eds como del Reino Unido.<\/p>\n<p>Pese a los ataques continuados a uno y al otro lado del charco, la curiosidad sigue atravesando fronteras. En este caso, la de Irlanda, donde David White est\u00e1 intentando abrirse hueco en la dura profesi\u00f3n del toreo. Su historia de superaci\u00f3n, hace de los toros el arma por la que mereci\u00f3 la pena seguir luchando. \u00abEra futbolista semiprofesional con la intenci\u00f3n de hacer carrera, pero con 20 a\u00f1os sufr\u00ed una lesi\u00f3n en el tobillo, de la que no me recuper\u00e9 y no pude volver a jugar al futbol\u00bb, afirma White.<\/p>\n<p><a href=\"https:\/\/www.revistazetta.com\/wp-content\/uploads\/2014\/10\/El-irland\u00e9s-8.jpg\"><img loading=\"lazy\" decoding=\"async\" class=\"size-medium wp-image-3351 alignleft\" alt=\"El irland\u00e9s 8\" src=\"https:\/\/www.revistazetta.com\/wp-content\/uploads\/2014\/10\/El-irland\u00e9s-8-300x187.jpg\" width=\"300\" height=\"187\" srcset=\"https:\/\/revistazetta.com\/wp-content\/uploads\/2014\/10\/El-irland\u00e9s-8-300x187.jpg 300w, https:\/\/revistazetta.com\/wp-content\/uploads\/2014\/10\/El-irland\u00e9s-8.jpg 576w\" sizes=\"auto, (max-width: 300px) 100vw, 300px\" \/><\/a>\u00a0\u00abMe sent\u00eda mal y viaj\u00e9 a Espa\u00f1a para hacer algo diferente\u00bb. Quiz\u00e1 buscando una v\u00eda de escape para seguir encontrando sentido a la vida. En este periodo de tiempo, en el que vivi\u00f3 en Madrid, se acerc\u00f3 a Las Ventas \u00abpara ver una corrida por curiosidad\u00bb, quedando impregnado de un aroma que le marc\u00f3 para siempre. Era la primera vez que entraba en una plaza de toros y tambi\u00e9n que ve\u00eda a un toro bravo lo que le \u00abimpresion\u00f3 much\u00edsimo\u00bb. Desde ese momento ya quer\u00eda torear, \u00absentir el espect\u00e1culo desde el punto de vista del torero\u00bb. Pero con 22 a\u00f1os ve\u00eda casi imposible comenzar esa locura.<\/p>\n<p>A\u00f1o tras a\u00f1o, aprovechaba las vacaciones para viajar a Espa\u00f1a para empaparse del toro, hasta que en 2007 descubri\u00f3 \u00abpor Internet que hab\u00eda una escuela taurina en San Diego, la \u00abCalifornia Academy de Tauromaquia\u00bb y cada a\u00f1o hac\u00edan una clase de toreo de sal\u00f3n con dos tientas en Salamanca. Ah\u00ed, comenz\u00f3 su verdadera pasi\u00f3n por el toreo.<\/p>\n<p>Lo que le enganch\u00f3 a la Fiesta fue \u00abel valor y la quietud de los toreros\u00bb, ya que estaba acostumbrado a \u00abque ese valor que hab\u00eda visto en los deportes ten\u00eda que ver con el movimiento y la acci\u00f3n, pero el valor del torero se encontraba en quedarse quieto\u00bb. Fue demasiado impactante, por lo que \u00abno sab\u00eda si ser\u00eda capaz de hacerlo, pero lo ten\u00eda que intentar\u00bb. En los carteles reza el nombre de \u00abEl Irland\u00e9s\u00bb, para que no quede ninguna duda. \u00abNi mi nacionalidad ni mi edad pueden impedirme torear, al contrario\u00bb. Al principio, \u00abni mi familia ni mis amigos comprend\u00edan el por qu\u00e9, pero poco a poco fueron acerc\u00e1ndose al toreo, interes\u00e1ndose por lo que hac\u00eda\u00bb. \u00bfSu\u00a0 sue\u00f1o? \u00abTriunfar en Madrid y en el camino, educar taurinamente a m\u00e1s gente de fuera de Espa\u00f1a para que comprendiera la tauromaquia, o mejor dicho, que incluso disfrute de ella\u00bb, concluye el novillero irland\u00e9s.<\/p>\n<p><strong>Morante fue su inspiraci\u00f3n<\/strong><\/p>\n<p>David White reconoce que hay que tener mucha afici\u00f3n para lanzarse a esta aventura, pero tras varias tomas de contacto y acercamientos hubo un argumento con nombre y apellidos que le empuj\u00f3 definitivamente a la profesi\u00f3n: \u00abEl torero que m\u00e1s me inspir\u00f3 fue Morante de la Puebla, le vi toreando y me di cuenta de todo lo que pod\u00eda expresar un hombre a trav\u00e9s del toreo\u00bb. Ahora con erales y utreros, el anglosaj\u00f3n intenta imitarlo, es su espejo m\u00e1s patente, y los que le han visto se quedan impactados al ver a un irland\u00e9s con el pellizco torero propio de otras latitudes y sus ganas\u00a0\u00a0 de hacer las cosas bien.<\/p>\n<p>Aparte de Morante de la Puebla, el torero del escalaf\u00f3n actual que m\u00e1s le gusta es Juli\u00e1n L\u00f3pez \u00abEl Juli\u00bb, ya que entiende que es el m\u00e1s completo que ha visto desde que conoci\u00f3 el mundo del toro: \u00abSu t\u00e9cnica es extraordinaria, es capaz de hacer su toreo con la mayor\u00eda de los animales que le toca ponerse delante\u00bb. Pero el saber no ocupa lugar, y David aprovecha cualquier momento para pasar horas y horas viendo videos del toreo antiguo de otras \u00e9pocas, \u00abporque siempre se aprende algo\u00bb.<\/p>\n","protected":false},"excerpt":{"rendered":"<p>David White, &#8216;El Irland\u00e9s&#8217; en los carteles,\u00a0pasar\u00e1 a formar parte del escalaf\u00f3n de novilleros este domingo. El joven espada debutar\u00e1 con picadores en la localidad madrile\u00f1a de Estremera, en un cartel junto al calat\u00e1n Abel Robles y con novillos de Jos\u00e9 Mar\u00eda L\u00f3pez de la Torre.\u00a0 La Fiesta no entiende de nacionalidades. As\u00ed lo demuestra la historia de El Irland\u00e9s, que se present\u00f3 en p\u00fablico en mayo de la temporada 2012 en un pueblo de Ciudad Real. Un debut nada corriente, pues se trataba de un novillero de\u00a0Irlanda del\u00a0Norte vestido&#8230; <\/p>\n","protected":false},"author":3,"featured_media":3349,"comment_status":"closed","ping_status":"closed","sticky":false,"template":"","format":"standard","meta":{"footnotes":"","_links_to":"","_links_to_target":""},"categories":[41,42],"tags":[],"class_list":["post-3347","post","type-post","status-publish","format-standard","has-post-thumbnail","hentry","category-cultura","category-cultura-toros"],"_links":{"self":[{"href":"https:\/\/revistazetta.com\/index.php?rest_route=\/wp\/v2\/posts\/3347","targetHints":{"allow":["GET"]}}],"collection":[{"href":"https:\/\/revistazetta.com\/index.php?rest_route=\/wp\/v2\/posts"}],"about":[{"href":"https:\/\/revistazetta.com\/index.php?rest_route=\/wp\/v2\/types\/post"}],"author":[{"embeddable":true,"href":"https:\/\/revistazetta.com\/index.php?rest_route=\/wp\/v2\/users\/3"}],"replies":[{"embeddable":true,"href":"https:\/\/revistazetta.com\/index.php?rest_route=%2Fwp%2Fv2%2Fcomments&post=3347"}],"version-history":[{"count":0,"href":"https:\/\/revistazetta.com\/index.php?rest_route=\/wp\/v2\/posts\/3347\/revisions"}],"wp:featuredmedia":[{"embeddable":true,"href":"https:\/\/revistazetta.com\/index.php?rest_route=\/wp\/v2\/media\/3349"}],"wp:attachment":[{"href":"https:\/\/revistazetta.com\/index.php?rest_route=%2Fwp%2Fv2%2Fmedia&parent=3347"}],"wp:term":[{"taxonomy":"category","embeddable":true,"href":"https:\/\/revistazetta.com\/index.php?rest_route=%2Fwp%2Fv2%2Fcategories&post=3347"},{"taxonomy":"post_tag","embeddable":true,"href":"https:\/\/revistazetta.com\/index.php?rest_route=%2Fwp%2Fv2%2Ftags&post=3347"}],"curies":[{"name":"wp","href":"https:\/\/api.w.org\/{rel}","templated":true}]}}