{"id":33474,"date":"2019-12-19T17:13:00","date_gmt":"2019-12-19T22:13:00","guid":{"rendered":"http:\/\/www.revistazetta.com\/?p=33474"},"modified":"2020-03-29T18:55:05","modified_gmt":"2020-03-29T23:55:05","slug":"acuacar-contrata-energia-solar-surtigas-estaciones-dolores-piedrecitas","status":"publish","type":"post","link":"https:\/\/revistazetta.com\/?p=33474","title":{"rendered":"Acuacar contrata energ\u00eda solar con Surtig\u00e1s para estaciones Dolores y Piedrecitas"},"content":{"rendered":"<p>En un acto protocolario realizado en la casa Fundaci\u00f3n Surtigas, las empresas Aguas de Cartagena S.A. E.S.P. y Surtigas suscribieron un contrato de venta de energ\u00eda renovable fotovoltaica. El acto fue presidido por el Gerente de Aguas de Cartagena, Jes\u00fas Garc\u00eda Garc\u00eda y el Gerente de Surtigas, Santiago Mej\u00eda Medina.<\/p>\n<p>El proyecto consiste en la construcci\u00f3n, operaci\u00f3n y mantenimiento de una granja solar, que generar\u00e1 cerca de 10.000.000 kWh\/a\u00f1o de energ\u00eda el\u00e9ctrica para el consumo de las estaciones de bombeo de agua cruda, Dolores y Piedrecitas, pertenecientes a Aguas de Cartagena.<\/p>\n<p>Con 5,3 megavatios (MW) de potencia instalada y una inversi\u00f3n que asciende a m\u00e1s de $18.000 millones de pesos, se contempla cubrir aproximadamente el 20% de la energ\u00eda el\u00e9ctrica que consumen las estaciones de bombeo.<\/p>\n<p>\u201cCon esta iniciativa, adem\u00e1s de los ahorros en la operaci\u00f3n, se evitar\u00e1 la emisi\u00f3n a la atmosfera de aproximadamente 4.200 toneladas de CO2 equivalentes al a\u00f1o, lo que equivale al carbono absorbido aproximadamente por 165 hect\u00e1reas de bosque o al emitido por 960 autom\u00f3viles en un a\u00f1o\u201d, indic\u00f3 Santiago Mej\u00eda, Gerente General de Surtigas.<\/p>\n<p>\u201cAguas de Cartagena, ha diversificado su matriz energ\u00e9tica a partir de esta fuente de energ\u00eda renovable no convencional, aprovechando la radiaci\u00f3n solar para generar la energ\u00eda el\u00e9ctrica necesaria para el funcionamiento de sus procesos y una vez que los paneles entren en servicio, se implementar\u00e1 en otras instalaciones que lo ameriten, expres\u00f3 Jes\u00fas Garc\u00eda Garc\u00eda.<\/p>\n<p>Para el Gerente General de Aguas de Cartagena, Jes\u00fas Garc\u00eda, es importante la incursi\u00f3n de la empresa en el uso eficiente de la energ\u00eda. \u201cEstamos generando poca huella de carbono y el impacto ambiental es el m\u00ednimo indispensable\u201d, recalc\u00f3.<\/p>\n<p>Destac\u00f3 que la Certificaci\u00f3n ISO 50001 en Eficiencia Energ\u00e9tica, otorgada recientemente a Acuacar, representa el compromiso y respeto con el medio ambiente, as\u00ed como el fortalecimiento de una Compa\u00f1\u00eda m\u00e1s sostenible.<\/p>\n<p><u>Surtigas da el salto a las energ\u00edas renovables. <\/u><\/p>\n<p>\u201cLuego de conectar los primeros 800.000 usuarios al servicio de gas natural, Surtigas tiene la firme convicci\u00f3n de seguir contribuyendo a la mejora del medio ambiente posicion\u00e1ndose como el jugador m\u00e1s relevante en la generaci\u00f3n de energ\u00edas renovables\u201d, indic\u00f3 el Gerente General de Surtigas, Santiago Mej\u00eda Medina.<\/p>\n<p>&nbsp;<\/p>\n<p>Considerando la evoluci\u00f3n de este mercado en Colombia, Santiago Mej\u00eda revel\u00f3 que el pa\u00eds se encuentra en el mejor momento para promover el desarrollo y la utilizaci\u00f3n de energ\u00edas renovables, como complemento al gas natural, lo que contribuir\u00e1 al desarrollo econ\u00f3mico, la reducci\u00f3n de emisiones contaminantes y la seguridad del abastecimiento energ\u00e9tico.<\/p>\n","protected":false},"excerpt":{"rendered":"<p>En un acto protocolario realizado en la casa Fundaci\u00f3n Surtigas, las empresas Aguas de Cartagena S.A. E.S.P. y Surtigas suscribieron un contrato de venta de energ\u00eda renovable fotovoltaica. El acto fue presidido por el Gerente de Aguas de Cartagena, Jes\u00fas Garc\u00eda Garc\u00eda y el Gerente de Surtigas, Santiago Mej\u00eda Medina. El proyecto consiste en la construcci\u00f3n, operaci\u00f3n y mantenimiento de una granja solar, que generar\u00e1 cerca de 10.000.000 kWh\/a\u00f1o de energ\u00eda el\u00e9ctrica para el consumo de las estaciones de bombeo de agua cruda, Dolores y Piedrecitas, pertenecientes a Aguas de&#8230; <\/p>\n","protected":false},"author":3,"featured_media":33475,"comment_status":"closed","ping_status":"closed","sticky":false,"template":"","format":"standard","meta":{"footnotes":"","_links_to":"","_links_to_target":""},"categories":[75,32],"tags":[],"class_list":["post-33474","post","type-post","status-publish","format-standard","has-post-thumbnail","hentry","category-destacada","category-actualidad-distrito"],"_links":{"self":[{"href":"https:\/\/revistazetta.com\/index.php?rest_route=\/wp\/v2\/posts\/33474","targetHints":{"allow":["GET"]}}],"collection":[{"href":"https:\/\/revistazetta.com\/index.php?rest_route=\/wp\/v2\/posts"}],"about":[{"href":"https:\/\/revistazetta.com\/index.php?rest_route=\/wp\/v2\/types\/post"}],"author":[{"embeddable":true,"href":"https:\/\/revistazetta.com\/index.php?rest_route=\/wp\/v2\/users\/3"}],"replies":[{"embeddable":true,"href":"https:\/\/revistazetta.com\/index.php?rest_route=%2Fwp%2Fv2%2Fcomments&post=33474"}],"version-history":[{"count":0,"href":"https:\/\/revistazetta.com\/index.php?rest_route=\/wp\/v2\/posts\/33474\/revisions"}],"wp:featuredmedia":[{"embeddable":true,"href":"https:\/\/revistazetta.com\/index.php?rest_route=\/wp\/v2\/media\/33475"}],"wp:attachment":[{"href":"https:\/\/revistazetta.com\/index.php?rest_route=%2Fwp%2Fv2%2Fmedia&parent=33474"}],"wp:term":[{"taxonomy":"category","embeddable":true,"href":"https:\/\/revistazetta.com\/index.php?rest_route=%2Fwp%2Fv2%2Fcategories&post=33474"},{"taxonomy":"post_tag","embeddable":true,"href":"https:\/\/revistazetta.com\/index.php?rest_route=%2Fwp%2Fv2%2Ftags&post=33474"}],"curies":[{"name":"wp","href":"https:\/\/api.w.org\/{rel}","templated":true}]}}