{"id":33476,"date":"2019-12-19T17:32:12","date_gmt":"2019-12-19T22:32:12","guid":{"rendered":"http:\/\/www.revistazetta.com\/?p=33476"},"modified":"2020-03-29T18:55:04","modified_gmt":"2020-03-29T23:55:04","slug":"funcion-publica-validara-idoneidad-gabinete-vicentico-blel","status":"publish","type":"post","link":"https:\/\/revistazetta.com\/?p=33476","title":{"rendered":"Funci\u00f3n P\u00fablica validar\u00e1 idoneidad de gabinete de Vicentico Blel"},"content":{"rendered":"<p>El gobernador electo de Bol\u00edvar, Vicente Blel Scaff, vincul\u00f3 al\u00a0Departamento Administrativo de la Funci\u00f3n P\u00fablica para el acompa\u00f1amiento t\u00e9cnico en la valoraci\u00f3n del personal que har\u00e1 parte de su gabinete de gobierno.<\/p>\n<p>El acuerdo se protocoliz\u00f3 en Bogot\u00e1, con el director de la entidad,\u00a0Fernando Grillo Rubiano.<\/p>\n<p>\u00abEl proceso de validaci\u00f3n de hojas de vida de los integrantes del equipo Bol\u00edvar Primero lo realizar\u00e1n expertos de la Funci\u00f3n P\u00fablica quienes verificar\u00e1n la idoneidad profesional y calidad humana de quienes har\u00e1n parte de este Gobierno\u00bb, dijo el mandatario electo.<\/p>\n","protected":false},"excerpt":{"rendered":"<p>El gobernador electo de Bol\u00edvar, Vicente Blel Scaff, vincul\u00f3 al\u00a0Departamento Administrativo de la Funci\u00f3n P\u00fablica para el acompa\u00f1amiento t\u00e9cnico en la valoraci\u00f3n del personal que har\u00e1 parte de su gabinete de gobierno. El acuerdo se protocoliz\u00f3 en Bogot\u00e1, con el director de la entidad,\u00a0Fernando Grillo Rubiano. \u00abEl proceso de validaci\u00f3n de hojas de vida de los integrantes del equipo Bol\u00edvar Primero lo realizar\u00e1n expertos de la Funci\u00f3n P\u00fablica quienes verificar\u00e1n la idoneidad profesional y calidad humana de quienes har\u00e1n parte de este Gobierno\u00bb, dijo el mandatario electo.<\/p>\n","protected":false},"author":3,"featured_media":33477,"comment_status":"closed","ping_status":"closed","sticky":false,"template":"","format":"standard","meta":{"footnotes":"","_links_to":"","_links_to_target":""},"categories":[75,4],"tags":[],"class_list":["post-33476","post","type-post","status-publish","format-standard","has-post-thumbnail","hentry","category-destacada","category-politica"],"_links":{"self":[{"href":"https:\/\/revistazetta.com\/index.php?rest_route=\/wp\/v2\/posts\/33476","targetHints":{"allow":["GET"]}}],"collection":[{"href":"https:\/\/revistazetta.com\/index.php?rest_route=\/wp\/v2\/posts"}],"about":[{"href":"https:\/\/revistazetta.com\/index.php?rest_route=\/wp\/v2\/types\/post"}],"author":[{"embeddable":true,"href":"https:\/\/revistazetta.com\/index.php?rest_route=\/wp\/v2\/users\/3"}],"replies":[{"embeddable":true,"href":"https:\/\/revistazetta.com\/index.php?rest_route=%2Fwp%2Fv2%2Fcomments&post=33476"}],"version-history":[{"count":0,"href":"https:\/\/revistazetta.com\/index.php?rest_route=\/wp\/v2\/posts\/33476\/revisions"}],"wp:featuredmedia":[{"embeddable":true,"href":"https:\/\/revistazetta.com\/index.php?rest_route=\/wp\/v2\/media\/33477"}],"wp:attachment":[{"href":"https:\/\/revistazetta.com\/index.php?rest_route=%2Fwp%2Fv2%2Fmedia&parent=33476"}],"wp:term":[{"taxonomy":"category","embeddable":true,"href":"https:\/\/revistazetta.com\/index.php?rest_route=%2Fwp%2Fv2%2Fcategories&post=33476"},{"taxonomy":"post_tag","embeddable":true,"href":"https:\/\/revistazetta.com\/index.php?rest_route=%2Fwp%2Fv2%2Ftags&post=33476"}],"curies":[{"name":"wp","href":"https:\/\/api.w.org\/{rel}","templated":true}]}}