{"id":33478,"date":"2019-12-20T07:20:46","date_gmt":"2019-12-20T12:20:46","guid":{"rendered":"http:\/\/www.revistazetta.com\/?p=33478"},"modified":"2020-03-29T18:55:04","modified_gmt":"2020-03-29T23:55:04","slug":"luego-ano-gestion-aprobacion-pedrito-llego-40","status":"publish","type":"post","link":"https:\/\/revistazetta.com\/?p=33478","title":{"rendered":"Luego de un a\u00f1o de gesti\u00f3n, aprobaci\u00f3n de Pedrito lleg\u00f3 a 40%"},"content":{"rendered":"<p>Una ciudad descuadernada, con inestabilidad institucional, es la que encontr\u00f3 Pedrito Pereira hace m\u00e1s de un a\u00f1o cuando asumi\u00f3 las riendas, y termina su mandato con una imagen positiva de un 40% y negativa del 56%<\/p>\n<p>La m\u00e1s reciente medici\u00f3n entregada por el Centro Nacional de Consultor\u00eda para el noticiero CM%, publicada este jueves, refleja que dirigir los destinos de una ciudad tan compleja como Cartagena de Indias es lo m\u00e1s parecido a un \u00abpotro salvaje\u00bb y que en esa dificultad extrema lograr un 40% de aceptaci\u00f3n es indicativo de esa capacidad para tratar de enderezar el camino.<\/p>\n<p>La medici\u00f3n no indica si tom\u00f3 en cuenta la pol\u00e9mica de las \u00faltimas horas por la firma de la APP para el corredor portuario de Manga, que le ha valido gran conclusi\u00f3n en redes sociales y movilizaciones de protesta.<\/p>\n<p>La recuperaci\u00f3n de la confianza institucional y logros palpables en materia de seguridad, v\u00edas, la reapertura del mercado de Santa Rita o el traslado de la c\u00e1rcel de San Diego son algunos de los hechos que se abonan como positivos, mientras que en el lado de la pol\u00e9mica est\u00e1, junto con la APP de Manga, la pr\u00f3rroga de la concesi\u00f3n de alumbrado p\u00fablico (donde solicit\u00f3 un a\u00f1o al Concejo).<\/p>\n<p><img loading=\"lazy\" decoding=\"async\" class=\"size-medium wp-image-33480 aligncenter\" src=\"https:\/\/www.revistazetta.com\/wp-content\/uploads\/2019\/12\/PHOTO-2019-12-20-03-07-09-300x188.jpg\" alt=\"\" width=\"300\" height=\"188\" \/><\/p>\n","protected":false},"excerpt":{"rendered":"<p>Una ciudad descuadernada, con inestabilidad institucional, es la que encontr\u00f3 Pedrito Pereira hace m\u00e1s de un a\u00f1o cuando asumi\u00f3 las riendas, y termina su mandato con una imagen positiva de un 40% y negativa del 56% La m\u00e1s reciente medici\u00f3n entregada por el Centro Nacional de Consultor\u00eda para el noticiero CM%, publicada este jueves, refleja que dirigir los destinos de una ciudad tan compleja como Cartagena de Indias es lo m\u00e1s parecido a un \u00abpotro salvaje\u00bb y que en esa dificultad extrema lograr un 40% de aceptaci\u00f3n es indicativo de&#8230; <\/p>\n","protected":false},"author":3,"featured_media":33479,"comment_status":"closed","ping_status":"closed","sticky":false,"template":"","format":"standard","meta":{"footnotes":"","_links_to":"","_links_to_target":""},"categories":[75,32],"tags":[],"class_list":["post-33478","post","type-post","status-publish","format-standard","has-post-thumbnail","hentry","category-destacada","category-actualidad-distrito"],"_links":{"self":[{"href":"https:\/\/revistazetta.com\/index.php?rest_route=\/wp\/v2\/posts\/33478","targetHints":{"allow":["GET"]}}],"collection":[{"href":"https:\/\/revistazetta.com\/index.php?rest_route=\/wp\/v2\/posts"}],"about":[{"href":"https:\/\/revistazetta.com\/index.php?rest_route=\/wp\/v2\/types\/post"}],"author":[{"embeddable":true,"href":"https:\/\/revistazetta.com\/index.php?rest_route=\/wp\/v2\/users\/3"}],"replies":[{"embeddable":true,"href":"https:\/\/revistazetta.com\/index.php?rest_route=%2Fwp%2Fv2%2Fcomments&post=33478"}],"version-history":[{"count":0,"href":"https:\/\/revistazetta.com\/index.php?rest_route=\/wp\/v2\/posts\/33478\/revisions"}],"wp:featuredmedia":[{"embeddable":true,"href":"https:\/\/revistazetta.com\/index.php?rest_route=\/wp\/v2\/media\/33479"}],"wp:attachment":[{"href":"https:\/\/revistazetta.com\/index.php?rest_route=%2Fwp%2Fv2%2Fmedia&parent=33478"}],"wp:term":[{"taxonomy":"category","embeddable":true,"href":"https:\/\/revistazetta.com\/index.php?rest_route=%2Fwp%2Fv2%2Fcategories&post=33478"},{"taxonomy":"post_tag","embeddable":true,"href":"https:\/\/revistazetta.com\/index.php?rest_route=%2Fwp%2Fv2%2Ftags&post=33478"}],"curies":[{"name":"wp","href":"https:\/\/api.w.org\/{rel}","templated":true}]}}