{"id":33481,"date":"2019-12-20T07:47:38","date_gmt":"2019-12-20T12:47:38","guid":{"rendered":"http:\/\/www.revistazetta.com\/?p=33481"},"modified":"2020-03-29T18:55:04","modified_gmt":"2020-03-29T23:55:04","slug":"dumek-entrego-renovado-templo-del-futbol-menor-alameda-la-victoria","status":"publish","type":"post","link":"https:\/\/revistazetta.com\/?p=33481","title":{"rendered":"Dumek entreg\u00f3 renovado el templo del f\u00fatbol menor en Alameda La Victoria"},"content":{"rendered":"<blockquote><p><strong>Las canchas del complejo deportivo llevan los nombres de los futbolistas Wilmar Barrios, Elson Becerra y Roger Mart\u00ednez. El escenario deportivo ser\u00e1 gratuito para el uso y disfrute de todas las familias cartageneras.<\/strong><\/p><\/blockquote>\n<p>El gobernador Dumek Turbay efectu\u00f3 la entrega del complejo deportivo Alameda la Victoria, un proyecto cuya inversi\u00f3n fue de $8.000 millones, provisto de una iluminaci\u00f3n de \u00faltima tecnolog\u00eda, gramado sint\u00e9tico, espacios para ba\u00f1os, camerinos y parques infantiles.<\/p>\n<p><img loading=\"lazy\" decoding=\"async\" class=\"size-medium wp-image-33483 alignright\" src=\"https:\/\/www.revistazetta.com\/wp-content\/uploads\/2019\/12\/PHOTO-2019-12-19-20-06-20-300x200.jpg\" alt=\"\" width=\"300\" height=\"200\" \/>\u201cEstoy muy emocionado porque un proyecto deportivo como este, que sabemos que va a generar muchas alegr\u00edas, hoy ha llegado a feliz t\u00e9rmino. Aqu\u00ed estamos en este ejercicio de gobierno de lo p\u00fablico, dici\u00e9ndole a los cartageneros, a los futbolistas y a los\u00a0 ni\u00f1os de Bol\u00edvar, que ellos se merecen lo mejor. Y ese fue el principio rector de este proyecto y la inspiraci\u00f3n de esta obra, con la que s\u00f3lo puedo decir que s\u00ed hemos cumplido. Estamos felices\u201d, expres\u00f3 Dumek Turbay durante su intervenci\u00f3n en la apertura de este escenario.<\/p>\n<p>En medio de la felicidad de los asistentes, el mandatario de los bolivarenses destac\u00f3 que con obras como estas es que verdaderamente se trasciende desde lo p\u00fablico, dejando importantes espacios para la vida, la recreaci\u00f3n, el disfrute\u00a0 y la integraci\u00f3n de los bolivarenses. \u201cVer los rostros de los ni\u00f1os y los dirigentes deportivos llenos de felicidad es nuestra mayor recompensa, para eso trabajamos, para ofrecer este tipo de obras p\u00fablicas\u201d, agreg\u00f3 Turbay Paz.<\/p>\n<p><img loading=\"lazy\" decoding=\"async\" class=\"size-medium wp-image-33484 alignright\" src=\"https:\/\/www.revistazetta.com\/wp-content\/uploads\/2019\/12\/PHOTO-2019-12-19-20-06-22-300x218.jpg\" alt=\"\" width=\"300\" height=\"218\" \/>De igual forma, se le recalc\u00f3 a toda la comunidad y se le hizo especial \u00e9nfasis, en que el uso de estas canchas es gratis. Por eso, las escuelas, los clubes y los equipos, s\u00f3lo tienen que someterse a un proceso de administraci\u00f3n y organizaci\u00f3n, a unas reglas de uso y cuidado del escenario. Por consiguiente, los padres de familia no tendr\u00e1n que pagar ni un solo peso para que sus hijos hagan uso de estos escenarios.<\/p>\n<p>\u201cEl esfuerzo ya lo ha hecho el estado y el gobierno departamental, y es por eso que nuestra administraci\u00f3n seguir\u00e1 con la responsabilidad de velar por la seguridad,\u00a0 el cuidado y el sostenimiento de este lugar. Esa\u00a0 es nuestra responsabilidad como\u00a0 gobierno porque ustedes se merecen lo mejor\u201d, concluy\u00f3 Turbay Paz.<\/p>\n<p>Este complejo deportivo, es uno de los tres mejores escenarios\u00a0deportivos que se han construido en la administraci\u00f3n del Bol\u00edvar S\u00ed Avanza,\u00a0 junto con la Unidad Deportiva Rocky Valdez y la remodelaci\u00f3n del coliseo Bernardo Caraballo.<\/p>\n<p>&nbsp;<\/p>\n","protected":false},"excerpt":{"rendered":"<p>Las canchas del complejo deportivo llevan los nombres de los futbolistas Wilmar Barrios, Elson Becerra y Roger Mart\u00ednez. El escenario deportivo ser\u00e1 gratuito para el uso y disfrute de todas las familias cartageneras. El gobernador Dumek Turbay efectu\u00f3 la entrega del complejo deportivo Alameda la Victoria, un proyecto cuya inversi\u00f3n fue de $8.000 millones, provisto de una iluminaci\u00f3n de \u00faltima tecnolog\u00eda, gramado sint\u00e9tico, espacios para ba\u00f1os, camerinos y parques infantiles. \u201cEstoy muy emocionado porque un proyecto deportivo como este, que sabemos que va a generar muchas alegr\u00edas, hoy ha llegado&#8230; <\/p>\n","protected":false},"author":3,"featured_media":33482,"comment_status":"closed","ping_status":"closed","sticky":false,"template":"","format":"standard","meta":{"footnotes":"","_links_to":"","_links_to_target":""},"categories":[53,75,54],"tags":[],"class_list":["post-33481","post","type-post","status-publish","format-standard","has-post-thumbnail","hentry","category-deportes","category-destacada","category-futbol"],"_links":{"self":[{"href":"https:\/\/revistazetta.com\/index.php?rest_route=\/wp\/v2\/posts\/33481","targetHints":{"allow":["GET"]}}],"collection":[{"href":"https:\/\/revistazetta.com\/index.php?rest_route=\/wp\/v2\/posts"}],"about":[{"href":"https:\/\/revistazetta.com\/index.php?rest_route=\/wp\/v2\/types\/post"}],"author":[{"embeddable":true,"href":"https:\/\/revistazetta.com\/index.php?rest_route=\/wp\/v2\/users\/3"}],"replies":[{"embeddable":true,"href":"https:\/\/revistazetta.com\/index.php?rest_route=%2Fwp%2Fv2%2Fcomments&post=33481"}],"version-history":[{"count":0,"href":"https:\/\/revistazetta.com\/index.php?rest_route=\/wp\/v2\/posts\/33481\/revisions"}],"wp:featuredmedia":[{"embeddable":true,"href":"https:\/\/revistazetta.com\/index.php?rest_route=\/wp\/v2\/media\/33482"}],"wp:attachment":[{"href":"https:\/\/revistazetta.com\/index.php?rest_route=%2Fwp%2Fv2%2Fmedia&parent=33481"}],"wp:term":[{"taxonomy":"category","embeddable":true,"href":"https:\/\/revistazetta.com\/index.php?rest_route=%2Fwp%2Fv2%2Fcategories&post=33481"},{"taxonomy":"post_tag","embeddable":true,"href":"https:\/\/revistazetta.com\/index.php?rest_route=%2Fwp%2Fv2%2Ftags&post=33481"}],"curies":[{"name":"wp","href":"https:\/\/api.w.org\/{rel}","templated":true}]}}