{"id":33489,"date":"2019-12-20T15:52:05","date_gmt":"2019-12-20T20:52:05","guid":{"rendered":"http:\/\/www.revistazetta.com\/?p=33489"},"modified":"2020-03-29T18:55:04","modified_gmt":"2020-03-29T23:55:04","slug":"partida-doble-asi-trabajamos-bolivar-opinion-karen-abudinen","status":"publish","type":"post","link":"https:\/\/revistazetta.com\/?p=33489","title":{"rendered":"Por partida doble, as\u00ed trabajamos por Bol\u00edvar &#8211; Opini\u00f3n de Karen Abudinen"},"content":{"rendered":"<p><span style=\"color: #000080;\"><strong>Por Karen Abudinen (Consejera Presidencial para las Regiones).- (especial para Revista Zetta &#8211; 20 a\u00f1os).-<\/strong><\/span>\u00a0Fueron dos las oportunidades que tuvimos de visitar el departamento de Bol\u00edvar con los Talleres Construyendo Pa\u00eds. Los municipios de San Jacinto y Mompox nos abrieron las puertas para que tuvi\u00e9ramos un acercamiento transparente, sincero y real con los ciudadanos.<\/p>\n<p>En San Jacinto, a\u00fan nos sent\u00edamos iniciando, pues fue en agosto de 2018 que desarrollamos el cuarto Taller a nivel nacional, llenos de expectativas y abiertos a recibir de los participantes. El calor de la alegr\u00eda que representa la costa colombiana impregn\u00f3 la jornada de entusiasmo para avanzar en construir pa\u00eds.<\/p>\n<p>Para diciembre de este a\u00f1o, en Mompox. cerramos con broche de oro nuestro recorrido por Colombia, con un trabajo juicioso y efectivo con las regiones, tuvimos la fortuna de escuchar a los m\u00e1s de 73.000 ciudadanos que nos han acompa\u00f1ado en este proceso, y m\u00e1s de 1.100 de ellos tuvieron di\u00e1logo directo con el presidente Iva\u00b4n Duque, esto nos inspira a no parar y seguir apost\u00e1ndole al desarrollo regional en el 2020.<\/p>\n<p>Con Bol\u00edvar adquirimos 46 compromisos y destinamos $206.000 millones para su cumplimiento, porque creemos en el sentir y en la voz de la gente y sabemos que para avanzar se requiere de nosotros para cumplir con lo pactado.<\/p>\n<p>Hemos invertido en el departamento de Bol\u00edvar, m\u00e1s de 42 mil millones de pesos para diferentes proyectos de transporte, como la terminaci\u00f3n de la construcci\u00f3n de la Intersecci\u00f3n Abocol, mejoramiento de los servicios aeroportuarios y a la navegaci\u00f3n a\u00e9rea de la regi\u00f3n, invertimos recursos para obras en los aeropuertos de Mompox y Carmen de Bol\u00edvar, aprobamos proyectos de construcci\u00f3n de obras de protecci\u00f3n contra inundaciones y estabilizaci\u00f3n de suelo en \u201cEl Pe\u00f1\u00f3n\u201d, entre otros.<\/p>\n<p>Adicionalmente, destinamos $3.435 millones para el proyecto de mejoramiento de los servicios aeroportuarios y de navegabilidad de la regi\u00f3n. D\u00e1ndole respuesta a Rafael Gallo, vocero del sector transporte.<\/p>\n<p>A la educaci\u00f3n tambi\u00e9n le apostamos y le cumplimos a las necesidades expresadas por la comunidad, por eso, gestionamos recursos por m\u00e1s de 150 mil millones de pesos promoviendo la equidad de la regi\u00f3n. As\u00ed las cosas, fortalecimos la infraestructura de 4 sedes educativas que representan 167 aulas y espacios complementarios beneficiando a 4.700 estudiantes, vinculamos a 889.819 estudiantes con el Plan Alimentario Escolar \u2013 PAE, otras 41 sedes educativas tuvieron apoyo en los modelos flexibles de educaci\u00f3n, contribuimos al mejoramiento en calidad e infraestructura de la educaci\u00f3n superior en la Universidad de Cartagena, para destacar algunos logros.<\/p>\n<p>La puesta en marcha de los Talleres Construyendo Pa\u00eds, nos ha permitido visibilizar las necesidades m\u00e1s sentidas de cada regi\u00f3n y conocer la esencia y potencial de cada departamento.<\/p>\n<p>Conscientes de la fortaleza art\u00edstica, musical y cultural que representa el departamento, y atendiendo las peticiones realizadas por Rodrigo Miranda M\u00e1rquez, quien expres\u00f3 que se requer\u00edan mayores recursos para financiaci\u00f3n de la Cultura, desde el Gobierno Nacional apoyamos el Programa Nacional de Concertaci\u00f3n Cultural, donde financiamos 90 proyectos entre festivales, espacios culturales, formaci\u00f3n y emprendimiento art\u00edstico, beneficiando a 21 municipios por un valor de $3.443 millones.<\/p>\n<p>Nos quedan objetivos por cumplir, pero esto apenas empieza, los retos son grandes, pero seguimos empe\u00f1ados en hacer las cosas bien, de manera integral y transparente.<\/p>\n<p>El 2020 ser\u00e1 un a\u00f1o de dar m\u00e1s, de correr la milla extra, de aportar y alcanzar un futuro para todos. Por eso, con la insignia de ser un Gobierno comprometido y que cumple, seguimos sembrando semillas de legalidad, emprendimiento y equidad, todo para que cada uno de los colombianos pongamos el ladrillo que nos corresponde para una democracia s\u00f3lida y que sigue su curso al crecimiento colectivo. S\u00ed, si hay futuro para todos.<\/p>\n<p>Invito a todos a que hagan parte de este di\u00e1logo social y nos visiten a trav\u00e9s de nuestra p\u00e1gina web <a href=\"https:\/\/imsva91-ctp.trendmicro.com\/wis\/clicktime\/v1\/query?url=https%3a%2f%2fwww.construyendopais.gov.co&amp;umid=1D386C46-9A28-8805-A42D-2F7DA262E20E&amp;auth=a4301a084ec7102218aed6d71a715d05fd4830ad-5adac2edfb3bfd88784c1eb2297c974091296a58\" target=\"_blank\" rel=\"noopener noreferrer\" data-saferedirecturl=\"https:\/\/www.google.com\/url?q=https:\/\/imsva91-ctp.trendmicro.com:443\/wis\/clicktime\/v1\/query?url%3Dhttps%253a%252f%252fwww.construyendopais.gov.co%26umid%3D1D386C46-9A28-8805-A42D-2F7DA262E20E%26auth%3Da4301a084ec7102218aed6d71a715d05fd4830ad-5adac2edfb3bfd88784c1eb2297c974091296a58&amp;source=gmail&amp;ust=1576960715224000&amp;usg=AFQjCNGCoWOC0LSlOgbZHP2ELkZZ5Zw6iQ\">https:\/\/imsva91-ctp.<wbr \/>trendmicro.com:443\/wis\/<wbr \/>clicktime\/v1\/query?url=https%<wbr \/>3a%2f%2fwww.construyendopais.<wbr \/>gov.co&amp;umid=1D386C46-9A28-<wbr \/>8805-A42D-2F7DA262E20E&amp;auth=<wbr \/>a4301a084ec7102218aed6d71a715d<wbr \/>05fd4830ad-<wbr \/>5adac2edfb3bfd88784c1eb2297c97<wbr \/>4091296a58<\/a><\/p>\n","protected":false},"excerpt":{"rendered":"<p>Por Karen Abudinen (Consejera Presidencial para las Regiones).- (especial para Revista Zetta &#8211; 20 a\u00f1os).-\u00a0Fueron dos las oportunidades que tuvimos de visitar el departamento de Bol\u00edvar con los Talleres Construyendo Pa\u00eds. Los municipios de San Jacinto y Mompox nos abrieron las puertas para que tuvi\u00e9ramos un acercamiento transparente, sincero y real con los ciudadanos. En San Jacinto, a\u00fan nos sent\u00edamos iniciando, pues fue en agosto de 2018 que desarrollamos el cuarto Taller a nivel nacional, llenos de expectativas y abiertos a recibir de los participantes. El calor de la alegr\u00eda&#8230; <\/p>\n","protected":false},"author":3,"featured_media":33490,"comment_status":"closed","ping_status":"closed","sticky":false,"template":"","format":"standard","meta":{"footnotes":"","_links_to":"","_links_to_target":""},"categories":[75,44,65],"tags":[],"class_list":["post-33489","post","type-post","status-publish","format-standard","has-post-thumbnail","hentry","category-destacada","category-materiagris","category-opinion"],"_links":{"self":[{"href":"https:\/\/revistazetta.com\/index.php?rest_route=\/wp\/v2\/posts\/33489","targetHints":{"allow":["GET"]}}],"collection":[{"href":"https:\/\/revistazetta.com\/index.php?rest_route=\/wp\/v2\/posts"}],"about":[{"href":"https:\/\/revistazetta.com\/index.php?rest_route=\/wp\/v2\/types\/post"}],"author":[{"embeddable":true,"href":"https:\/\/revistazetta.com\/index.php?rest_route=\/wp\/v2\/users\/3"}],"replies":[{"embeddable":true,"href":"https:\/\/revistazetta.com\/index.php?rest_route=%2Fwp%2Fv2%2Fcomments&post=33489"}],"version-history":[{"count":0,"href":"https:\/\/revistazetta.com\/index.php?rest_route=\/wp\/v2\/posts\/33489\/revisions"}],"wp:featuredmedia":[{"embeddable":true,"href":"https:\/\/revistazetta.com\/index.php?rest_route=\/wp\/v2\/media\/33490"}],"wp:attachment":[{"href":"https:\/\/revistazetta.com\/index.php?rest_route=%2Fwp%2Fv2%2Fmedia&parent=33489"}],"wp:term":[{"taxonomy":"category","embeddable":true,"href":"https:\/\/revistazetta.com\/index.php?rest_route=%2Fwp%2Fv2%2Fcategories&post=33489"},{"taxonomy":"post_tag","embeddable":true,"href":"https:\/\/revistazetta.com\/index.php?rest_route=%2Fwp%2Fv2%2Ftags&post=33489"}],"curies":[{"name":"wp","href":"https:\/\/api.w.org\/{rel}","templated":true}]}}