{"id":33495,"date":"2019-12-20T16:13:33","date_gmt":"2019-12-20T21:13:33","guid":{"rendered":"http:\/\/www.revistazetta.com\/?p=33495"},"modified":"2020-03-29T18:55:04","modified_gmt":"2020-03-29T23:55:04","slug":"armonico-empalme-del-bolivar-avanza-al-bolivar-primero","status":"publish","type":"post","link":"https:\/\/revistazetta.com\/?p=33495","title":{"rendered":"Arm\u00f3nico empalme del \u00abBol\u00edvar s\u00ed Avanza\u00bb al \u00abBol\u00edvar Primero\u00bb"},"content":{"rendered":"<p>En medio de un ambiente\u00a0cordial y respetuoso culmin\u00f3 en la Gobernaci\u00f3n de Bol\u00edvar, luego de un mes de trabajo disciplinado, el proceso empalme entre los equipos del \u00abBol\u00edvar Primero\u00bb y el \u00abBol\u00edvar S\u00ed Avanza\u00bb.<\/p>\n<p>Este proceso que estuvo liderado por dos talentosas mujeres: Roxana Segovia por parte del gobierno entrante, y por Mery Luz Londo\u00f1o por parte del gobierno saliente, cont\u00f3 con el acompa\u00f1amiento y asesor\u00eda de reconocidos profesionales del departamento y el pa\u00eds.<\/p>\n<p>El gobernador electo, Vicente Blel Scaff, expres\u00f3 que \u00abestamos muy agradecidos con el gobernador Turbay y con su equipo, ya que gracias a su disposici\u00f3n y colaboraci\u00f3n hemos podido recopilar la mayor informaci\u00f3n posible que nos mostr\u00f3 no solo los importantes avances que ha logrado esta administraci\u00f3n sino tambi\u00e9n los retos pendientes, que deberemos afrontar\u00bb.<\/p>\n<p>Es importante destacar que los miembros del equipo de empalme del gobierno entrante tuvieron acceso sin restricciones y de forma oportuna a la informaci\u00f3n,\u00a0 lo que permiti\u00f3 conocer de manera formal el estado del departamento frente a los temas que inciden en su desarrollo, as\u00ed como su situaci\u00f3n actual en materia administrativa, financiera y legal.<\/p>\n<p>Se recibieron los informes preliminares de gesti\u00f3n de todas las secretar\u00edas y sectores descentralizados, sobre los cuales las subcomisiones de empalme elaboraron sus correspondientes informes\u00a0y consolidaron la informaci\u00f3n m\u00e1s importante en un documento \u00fanico.<\/p>\n<p>\u00abSomos ganadores, avanzamos y desde el primero de enero trabajaremos arduamente y con pasi\u00f3n para que Bol\u00edvar sea el departamento l\u00edder y primero en la regi\u00f3n\u00bb, asegur\u00f3 Blel Scaff.<\/p>\n<p><img loading=\"lazy\" decoding=\"async\" class=\"aligncenter wp-image-33497 size-large\" src=\"https:\/\/www.revistazetta.com\/wp-content\/uploads\/2019\/12\/Emplame-Bol\u00edvar-1024x526.jpeg\" alt=\"\" width=\"1024\" height=\"526\" srcset=\"https:\/\/revistazetta.com\/wp-content\/uploads\/2019\/12\/Emplame-Bol\u00edvar-1024x526.jpeg 1024w, https:\/\/revistazetta.com\/wp-content\/uploads\/2019\/12\/Emplame-Bol\u00edvar-400x205.jpeg 400w, https:\/\/revistazetta.com\/wp-content\/uploads\/2019\/12\/Emplame-Bol\u00edvar-260x133.jpeg 260w, https:\/\/revistazetta.com\/wp-content\/uploads\/2019\/12\/Emplame-Bol\u00edvar-50x26.jpeg 50w, https:\/\/revistazetta.com\/wp-content\/uploads\/2019\/12\/Emplame-Bol\u00edvar-146x75.jpeg 146w, https:\/\/revistazetta.com\/wp-content\/uploads\/2019\/12\/Emplame-Bol\u00edvar.jpeg 1280w\" sizes=\"auto, (max-width: 1024px) 100vw, 1024px\" \/><\/p>\n","protected":false},"excerpt":{"rendered":"<p>En medio de un ambiente\u00a0cordial y respetuoso culmin\u00f3 en la Gobernaci\u00f3n de Bol\u00edvar, luego de un mes de trabajo disciplinado, el proceso empalme entre los equipos del \u00abBol\u00edvar Primero\u00bb y el \u00abBol\u00edvar S\u00ed Avanza\u00bb. Este proceso que estuvo liderado por dos talentosas mujeres: Roxana Segovia por parte del gobierno entrante, y por Mery Luz Londo\u00f1o por parte del gobierno saliente, cont\u00f3 con el acompa\u00f1amiento y asesor\u00eda de reconocidos profesionales del departamento y el pa\u00eds. El gobernador electo, Vicente Blel Scaff, expres\u00f3 que \u00abestamos muy agradecidos con el gobernador Turbay y&#8230; <\/p>\n","protected":false},"author":3,"featured_media":33496,"comment_status":"closed","ping_status":"closed","sticky":false,"template":"","format":"standard","meta":{"footnotes":"","_links_to":"","_links_to_target":""},"categories":[75,4],"tags":[],"class_list":["post-33495","post","type-post","status-publish","format-standard","has-post-thumbnail","hentry","category-destacada","category-politica"],"_links":{"self":[{"href":"https:\/\/revistazetta.com\/index.php?rest_route=\/wp\/v2\/posts\/33495","targetHints":{"allow":["GET"]}}],"collection":[{"href":"https:\/\/revistazetta.com\/index.php?rest_route=\/wp\/v2\/posts"}],"about":[{"href":"https:\/\/revistazetta.com\/index.php?rest_route=\/wp\/v2\/types\/post"}],"author":[{"embeddable":true,"href":"https:\/\/revistazetta.com\/index.php?rest_route=\/wp\/v2\/users\/3"}],"replies":[{"embeddable":true,"href":"https:\/\/revistazetta.com\/index.php?rest_route=%2Fwp%2Fv2%2Fcomments&post=33495"}],"version-history":[{"count":0,"href":"https:\/\/revistazetta.com\/index.php?rest_route=\/wp\/v2\/posts\/33495\/revisions"}],"wp:featuredmedia":[{"embeddable":true,"href":"https:\/\/revistazetta.com\/index.php?rest_route=\/wp\/v2\/media\/33496"}],"wp:attachment":[{"href":"https:\/\/revistazetta.com\/index.php?rest_route=%2Fwp%2Fv2%2Fmedia&parent=33495"}],"wp:term":[{"taxonomy":"category","embeddable":true,"href":"https:\/\/revistazetta.com\/index.php?rest_route=%2Fwp%2Fv2%2Fcategories&post=33495"},{"taxonomy":"post_tag","embeddable":true,"href":"https:\/\/revistazetta.com\/index.php?rest_route=%2Fwp%2Fv2%2Ftags&post=33495"}],"curies":[{"name":"wp","href":"https:\/\/api.w.org\/{rel}","templated":true}]}}