{"id":33517,"date":"2019-12-29T10:21:07","date_gmt":"2019-12-29T15:21:07","guid":{"rendered":"http:\/\/www.revistazetta.com\/?p=33517"},"modified":"2020-03-29T18:55:04","modified_gmt":"2020-03-29T23:55:04","slug":"vicentico-se-posesiona-ante-la-asamblea-luego-presentara-gabinete-cad","status":"publish","type":"post","link":"https:\/\/revistazetta.com\/?p=33517","title":{"rendered":"Vicentico se posesiona ante la Asamblea y luego presentar\u00e1 su gabinete en el CAD"},"content":{"rendered":"<p>Este mi\u00e9rcoles primero de enero en la ciudad de Cartagena, Vicente Antonio Blel Scaff tomar\u00e1 posesi\u00f3n como gobernador de Bol\u00edvar para el per\u00edodo 2020 &#8211;\u00a0 2023 ante el pleno de la Asamblea Departamental a las 3 de la tarde, en Manga, dando cumplimiento al decreto 1222 de 1986 que obliga al mandatario a tomar posesi\u00f3n ante el presidente de la Duma.<\/p>\n<p>Luego de haber tomado juramento, el l\u00edder del \u00abBol\u00edvar Primero\u00bb se desplazar\u00e1 en compa\u00f1\u00eda de los diputados hasta el Centro Administrativo Departamental en Turbaco, donde se dirigir\u00e1 a todos los bolivarneses; se tiene previsto que d\u00e9 su discurso a las 5 y 30 pm.<\/p>\n<p>En el CAD, se espera que hagan presencia para el acto protocolario: funcionarios, l\u00edderes c\u00edvicos y sociales, representantes de gremios, amigos y ciudadania en general.<\/p>\n<p>Durante su discurso, Blel Scaff dar\u00e1 a conocer los retos,\u00a0 \u00edtem que caracterizar\u00e1n su gobierno y los nombres de sus principales colaboradores , es decir, de secretarios y gerentes de entes descentralizados.<\/p>\n<p>Terminado el acto de posesi\u00f3n, el mandatario de los bolivarenses en su despacho tomar\u00e1 juramento de los integrantes del ganibete, e inmediatamente se dispondran a desarrollar el primer Consejo de Gobierno de la era del BOL\u00cdVAR PRIMERO con las autoridades de la regi\u00f3n.<\/p>\n","protected":false},"excerpt":{"rendered":"<p>Este mi\u00e9rcoles primero de enero en la ciudad de Cartagena, Vicente Antonio Blel Scaff tomar\u00e1 posesi\u00f3n como gobernador de Bol\u00edvar para el per\u00edodo 2020 &#8211;\u00a0 2023 ante el pleno de la Asamblea Departamental a las 3 de la tarde, en Manga, dando cumplimiento al decreto 1222 de 1986 que obliga al mandatario a tomar posesi\u00f3n ante el presidente de la Duma. Luego de haber tomado juramento, el l\u00edder del \u00abBol\u00edvar Primero\u00bb se desplazar\u00e1 en compa\u00f1\u00eda de los diputados hasta el Centro Administrativo Departamental en Turbaco, donde se dirigir\u00e1 a todos&#8230; <\/p>\n","protected":false},"author":3,"featured_media":33518,"comment_status":"closed","ping_status":"closed","sticky":false,"template":"","format":"standard","meta":{"footnotes":"","_links_to":"","_links_to_target":""},"categories":[75,80],"tags":[],"class_list":["post-33517","post","type-post","status-publish","format-standard","has-post-thumbnail","hentry","category-destacada","category-region"],"_links":{"self":[{"href":"https:\/\/revistazetta.com\/index.php?rest_route=\/wp\/v2\/posts\/33517","targetHints":{"allow":["GET"]}}],"collection":[{"href":"https:\/\/revistazetta.com\/index.php?rest_route=\/wp\/v2\/posts"}],"about":[{"href":"https:\/\/revistazetta.com\/index.php?rest_route=\/wp\/v2\/types\/post"}],"author":[{"embeddable":true,"href":"https:\/\/revistazetta.com\/index.php?rest_route=\/wp\/v2\/users\/3"}],"replies":[{"embeddable":true,"href":"https:\/\/revistazetta.com\/index.php?rest_route=%2Fwp%2Fv2%2Fcomments&post=33517"}],"version-history":[{"count":0,"href":"https:\/\/revistazetta.com\/index.php?rest_route=\/wp\/v2\/posts\/33517\/revisions"}],"wp:featuredmedia":[{"embeddable":true,"href":"https:\/\/revistazetta.com\/index.php?rest_route=\/wp\/v2\/media\/33518"}],"wp:attachment":[{"href":"https:\/\/revistazetta.com\/index.php?rest_route=%2Fwp%2Fv2%2Fmedia&parent=33517"}],"wp:term":[{"taxonomy":"category","embeddable":true,"href":"https:\/\/revistazetta.com\/index.php?rest_route=%2Fwp%2Fv2%2Fcategories&post=33517"},{"taxonomy":"post_tag","embeddable":true,"href":"https:\/\/revistazetta.com\/index.php?rest_route=%2Fwp%2Fv2%2Ftags&post=33517"}],"curies":[{"name":"wp","href":"https:\/\/api.w.org\/{rel}","templated":true}]}}