{"id":33532,"date":"2019-12-29T17:58:03","date_gmt":"2019-12-29T22:58:03","guid":{"rendered":"http:\/\/www.revistazetta.com\/?p=33532"},"modified":"2020-03-29T18:55:04","modified_gmt":"2020-03-29T23:55:04","slug":"jorge-rodriguez-joche-garcia-buscan-la-presidencia-la-asamblea","status":"publish","type":"post","link":"https:\/\/revistazetta.com\/?p=33532","title":{"rendered":"Jorge Rodr\u00edguez, con el camino despejado para optar por la Presidencia de la Duma"},"content":{"rendered":"<p>El decano de los diputados en Bol\u00edvar cada d\u00eda ve mas despejado el camino para regresar a la Presidencia de la Asamblea Departamental.<\/p>\n<p>Quien en alg\u00fan momento manifest\u00f3 inter\u00e9s en esa posici\u00f3n, el diputado electo Jos\u00e9 F\u00e9lix Garc\u00eda Turbay, le confirm\u00f3 a Revista Zetta que hace d\u00edas desmont\u00f3 su pretensi\u00f3n y est\u00e1 apoyando a Rodr\u00edguez Sosa.<\/p>\n<p>As\u00ed las cosas, todo indica que la decisi\u00f3n de los 14 diputados ser\u00e1 un\u00e1nime, salvo que surja otra candidatura, lo que se ve poco probable a escasas horas de la primera sesi\u00f3n del 2020, este 1 de enero.<\/p>\n<p>Varios diputados se\u00f1alaron que a su regreso ser\u00e1 de suma importancia relanzar a la entidad como un escenario de discusi\u00f3n abierta y democr\u00e1tica, y con perspectiva t\u00e9cnica para la aprobaci\u00f3n del Plan de Desarrollo, la ordenanza m\u00e1s importante que deber\u00e1 aprobar.<\/p>\n<p>De confirmarse su elecci\u00f3n al frente de la corporaci\u00f3n, Rodr\u00edguez Sosa tendr\u00e1 el honor de tomarle juramento al pr\u00f3ximo gobernador, Vicente Blel Scaff, y conducir a la Asamblea por la ruta de la visibilidad, transparencia y control pol\u00edtico edificante.<\/p>\n<p>Rodr\u00edguez Sosa milita en el Partido de la U y es considerado como cabeza de un grupo independiente dentro de esa colectividad, es el diputado m\u00e1s veterano y goza de respeto y simpat\u00eda entre sus colegas.<\/p>\n<div id=\"attachment_33534\" style=\"width: 310px\" class=\"wp-caption aligncenter\"><img loading=\"lazy\" decoding=\"async\" aria-describedby=\"caption-attachment-33534\" class=\"wp-image-33534 size-medium\" src=\"https:\/\/www.revistazetta.com\/wp-content\/uploads\/2019\/12\/Jorge-Rodr\u00edguez-Sosa-diputado-300x188.jpg\" alt=\"\" width=\"300\" height=\"188\" \/><p id=\"caption-attachment-33534\" class=\"wp-caption-text\">Jorge Rodr\u00edguez Sosa, diputado, Partido de la U.<\/p><\/div>\n","protected":false},"excerpt":{"rendered":"<p>El decano de los diputados en Bol\u00edvar cada d\u00eda ve mas despejado el camino para regresar a la Presidencia de la Asamblea Departamental. Quien en alg\u00fan momento manifest\u00f3 inter\u00e9s en esa posici\u00f3n, el diputado electo Jos\u00e9 F\u00e9lix Garc\u00eda Turbay, le confirm\u00f3 a Revista Zetta que hace d\u00edas desmont\u00f3 su pretensi\u00f3n y est\u00e1 apoyando a Rodr\u00edguez Sosa. As\u00ed las cosas, todo indica que la decisi\u00f3n de los 14 diputados ser\u00e1 un\u00e1nime, salvo que surja otra candidatura, lo que se ve poco probable a escasas horas de la primera sesi\u00f3n del 2020,&#8230; <\/p>\n","protected":false},"author":3,"featured_media":33537,"comment_status":"closed","ping_status":"closed","sticky":false,"template":"","format":"standard","meta":{"footnotes":"","_links_to":"","_links_to_target":""},"categories":[75,4],"tags":[],"class_list":["post-33532","post","type-post","status-publish","format-standard","has-post-thumbnail","hentry","category-destacada","category-politica"],"_links":{"self":[{"href":"https:\/\/revistazetta.com\/index.php?rest_route=\/wp\/v2\/posts\/33532","targetHints":{"allow":["GET"]}}],"collection":[{"href":"https:\/\/revistazetta.com\/index.php?rest_route=\/wp\/v2\/posts"}],"about":[{"href":"https:\/\/revistazetta.com\/index.php?rest_route=\/wp\/v2\/types\/post"}],"author":[{"embeddable":true,"href":"https:\/\/revistazetta.com\/index.php?rest_route=\/wp\/v2\/users\/3"}],"replies":[{"embeddable":true,"href":"https:\/\/revistazetta.com\/index.php?rest_route=%2Fwp%2Fv2%2Fcomments&post=33532"}],"version-history":[{"count":0,"href":"https:\/\/revistazetta.com\/index.php?rest_route=\/wp\/v2\/posts\/33532\/revisions"}],"wp:featuredmedia":[{"embeddable":true,"href":"https:\/\/revistazetta.com\/index.php?rest_route=\/wp\/v2\/media\/33537"}],"wp:attachment":[{"href":"https:\/\/revistazetta.com\/index.php?rest_route=%2Fwp%2Fv2%2Fmedia&parent=33532"}],"wp:term":[{"taxonomy":"category","embeddable":true,"href":"https:\/\/revistazetta.com\/index.php?rest_route=%2Fwp%2Fv2%2Fcategories&post=33532"},{"taxonomy":"post_tag","embeddable":true,"href":"https:\/\/revistazetta.com\/index.php?rest_route=%2Fwp%2Fv2%2Ftags&post=33532"}],"curies":[{"name":"wp","href":"https:\/\/api.w.org\/{rel}","templated":true}]}}