{"id":33539,"date":"2019-12-29T22:16:40","date_gmt":"2019-12-30T03:16:40","guid":{"rendered":"http:\/\/www.revistazetta.com\/?p=33539"},"modified":"2020-03-29T18:55:04","modified_gmt":"2020-03-29T23:55:04","slug":"la-bandera-del-desarrollo-carlos-cabrales-se-posesiono-alcalde-magangue","status":"publish","type":"post","link":"https:\/\/revistazetta.com\/?p=33539","title":{"rendered":"Con la bandera del desarrollo, Carlos Cabrales se posesion\u00f3 como Alcalde de Magangu\u00e9"},"content":{"rendered":"<p><img loading=\"lazy\" decoding=\"async\" class=\"size-medium wp-image-33546 aligncenter\" src=\"https:\/\/www.revistazetta.com\/wp-content\/uploads\/2019\/12\/Cabrales-7-300x199.jpg\" alt=\"\" width=\"300\" height=\"199\" \/><\/p>\n<p>\u00abA partir del primero de enero de 2020 seguir\u00e9 llevando el progreso a t\u00ed, maganguele\u00f1o, contigo trabajar\u00e9 incansablemente para hacer de nuestra tierra, la ciudad que so\u00f1amos\u00bb, dijo Carlos Cabrales al asumir como alcalde de Magangu\u00e9, en ceremonia cumplida la plaza de la Iglesia Catedral.<\/p>\n<p>Cabrales estuvo acompa\u00f1ado de su esposa Yovana Barrientos, y sus dos hijos, y ante la comunidad maganguele\u00f1a hizo una detallada perspectiva de lo que ser\u00e1 su gobierno.<\/p>\n<p>El alcalde saliente, Pedro Al\u00ed, le entreg\u00f3 un balance de su gesti\u00f3n y dijo que \u00abdebemos librar una lucha por recuperar la ESE, que est\u00e1 intervenida hace dos a\u00f1os y est\u00e1 peor que antes\u00bb.<\/p>\n<p>En su discurso de posesi\u00f3n, Cabrales Isaac dijo que tendr\u00e1 un gobierno de acercamiento permanente, de estar en los barrios y buscar soluciones.\u00a0Dijo que encuentra un camino marcado por la participaci\u00f3n de la gente, una senda que va a continuar por el bienestar de Magangu\u00e9, y pidi\u00f3 un fuerte aplauso para Pedro Al\u00ed, su antecesor.<\/p>\n<p>Se\u00f1al\u00f3 que ser\u00e1n tres ejes fundamentales los que guiar\u00e1n su gesti\u00f3n: productividad, participaci\u00f3n comunitaria e inclusi\u00f3n. \u00abVamos a pellizcarnos y a trascender a nuestro municipio para pasar de pueblo grande a gran ciudad\u00bb, puntualiz\u00f3.<\/p>\n<p><img loading=\"lazy\" decoding=\"async\" class=\"alignnone size-medium wp-image-33540\" src=\"https:\/\/www.revistazetta.com\/wp-content\/uploads\/2019\/12\/Cabrales-1-300x199.jpg\" alt=\"\" width=\"300\" height=\"199\" \/> <img loading=\"lazy\" decoding=\"async\" class=\"alignnone size-medium wp-image-33541\" src=\"https:\/\/www.revistazetta.com\/wp-content\/uploads\/2019\/12\/Cabrales-2-300x199.jpg\" alt=\"\" width=\"300\" height=\"199\" \/> <img loading=\"lazy\" decoding=\"async\" class=\"alignnone size-medium wp-image-33542\" src=\"https:\/\/www.revistazetta.com\/wp-content\/uploads\/2019\/12\/Cabrales-3-300x199.jpg\" alt=\"\" width=\"300\" height=\"199\" \/> <img loading=\"lazy\" decoding=\"async\" class=\"alignnone size-medium wp-image-33543\" src=\"https:\/\/www.revistazetta.com\/wp-content\/uploads\/2019\/12\/Cabrales-4-300x199.jpg\" alt=\"\" width=\"300\" height=\"199\" \/> <img loading=\"lazy\" decoding=\"async\" class=\"alignnone size-medium wp-image-33544\" src=\"https:\/\/www.revistazetta.com\/wp-content\/uploads\/2019\/12\/Cabrales-5-240x300.jpg\" alt=\"\" width=\"240\" height=\"300\" \/> <img loading=\"lazy\" decoding=\"async\" class=\"alignnone size-medium wp-image-33545\" src=\"https:\/\/www.revistazetta.com\/wp-content\/uploads\/2019\/12\/Cabrales-6-300x188.jpg\" alt=\"\" width=\"300\" height=\"188\" \/>\u00a0\u00a0<img loading=\"lazy\" decoding=\"async\" class=\"alignnone size-medium wp-image-33547\" src=\"https:\/\/www.revistazetta.com\/wp-content\/uploads\/2019\/12\/Cabrales-8-300x199.jpg\" alt=\"\" width=\"300\" height=\"199\" \/> <img loading=\"lazy\" decoding=\"async\" class=\"alignnone size-medium wp-image-33548\" src=\"https:\/\/www.revistazetta.com\/wp-content\/uploads\/2019\/12\/Cabrales-9-200x300.jpg\" alt=\"\" width=\"200\" height=\"300\" \/><\/p>\n","protected":false},"excerpt":{"rendered":"<p>\u00abA partir del primero de enero de 2020 seguir\u00e9 llevando el progreso a t\u00ed, maganguele\u00f1o, contigo trabajar\u00e9 incansablemente para hacer de nuestra tierra, la ciudad que so\u00f1amos\u00bb, dijo Carlos Cabrales al asumir como alcalde de Magangu\u00e9, en ceremonia cumplida la plaza de la Iglesia Catedral. Cabrales estuvo acompa\u00f1ado de su esposa Yovana Barrientos, y sus dos hijos, y ante la comunidad maganguele\u00f1a hizo una detallada perspectiva de lo que ser\u00e1 su gobierno. El alcalde saliente, Pedro Al\u00ed, le entreg\u00f3 un balance de su gesti\u00f3n y dijo que \u00abdebemos librar una&#8230; <\/p>\n","protected":false},"author":3,"featured_media":33549,"comment_status":"closed","ping_status":"closed","sticky":false,"template":"","format":"standard","meta":{"footnotes":"","_links_to":"","_links_to_target":""},"categories":[75,83,80],"tags":[],"class_list":["post-33539","post","type-post","status-publish","format-standard","has-post-thumbnail","hentry","category-destacada","category-municipios","category-region"],"_links":{"self":[{"href":"https:\/\/revistazetta.com\/index.php?rest_route=\/wp\/v2\/posts\/33539","targetHints":{"allow":["GET"]}}],"collection":[{"href":"https:\/\/revistazetta.com\/index.php?rest_route=\/wp\/v2\/posts"}],"about":[{"href":"https:\/\/revistazetta.com\/index.php?rest_route=\/wp\/v2\/types\/post"}],"author":[{"embeddable":true,"href":"https:\/\/revistazetta.com\/index.php?rest_route=\/wp\/v2\/users\/3"}],"replies":[{"embeddable":true,"href":"https:\/\/revistazetta.com\/index.php?rest_route=%2Fwp%2Fv2%2Fcomments&post=33539"}],"version-history":[{"count":0,"href":"https:\/\/revistazetta.com\/index.php?rest_route=\/wp\/v2\/posts\/33539\/revisions"}],"wp:featuredmedia":[{"embeddable":true,"href":"https:\/\/revistazetta.com\/index.php?rest_route=\/wp\/v2\/media\/33549"}],"wp:attachment":[{"href":"https:\/\/revistazetta.com\/index.php?rest_route=%2Fwp%2Fv2%2Fmedia&parent=33539"}],"wp:term":[{"taxonomy":"category","embeddable":true,"href":"https:\/\/revistazetta.com\/index.php?rest_route=%2Fwp%2Fv2%2Fcategories&post=33539"},{"taxonomy":"post_tag","embeddable":true,"href":"https:\/\/revistazetta.com\/index.php?rest_route=%2Fwp%2Fv2%2Ftags&post=33539"}],"curies":[{"name":"wp","href":"https:\/\/api.w.org\/{rel}","templated":true}]}}