{"id":33558,"date":"2019-12-30T09:33:28","date_gmt":"2019-12-30T14:33:28","guid":{"rendered":"http:\/\/www.revistazetta.com\/?p=33558"},"modified":"2020-03-29T18:55:04","modified_gmt":"2020-03-29T23:55:04","slug":"dau-se-posesiona-notaria-las-10-m-luego-ceremonia-la-perimetral-desde-la-1-p-m","status":"publish","type":"post","link":"https:\/\/revistazetta.com\/?p=33558","title":{"rendered":"Dau se posesiona en Notar\u00eda a las 10 a.m., y luego ceremonia en la Perimetral desde la 1 p.m."},"content":{"rendered":"<p>En la Notar\u00eda S\u00e9ptima del C\u00edrculo de Cartagena, a las 10 de la ma\u00f1ana de este mi\u00e9rcoles 1 de enero, ante el notario Mario Echeverr\u00eda tomar\u00e1 posesi\u00f3n como nuevo alcalde de Cartagena el abogado William Dau Chamatt.<\/p>\n<p>Luego en la tarde, a. partir de la 1 p.m., ser\u00e1 la ceremonia protocolaria con artistas invitados y la posesi\u00f3n del gabinete distrital, en un escenario dispuesto en la v\u00eda Perimetral, a la altura del Ca\u00f1o Villa ubicado en el sector Rafael N\u00fa\u00f1ez del barrio Olaya Herrera.<\/p>\n<p>\u201cYa reventamos las cadenas, es hora de celebrar. El primero de enero vamos a hacer una fiesta de ciudad de todos los cartageneros en la v\u00eda Perimetral\u201d, expresa el pr\u00f3ximo mandatario de los cartageneros.<\/p>\n<p>Dau Chamat explica que escogi\u00f3 dicho lugar porque \u201call\u00ed vive mi gente, por quienes yo peleo, que pongo la cara, el pecho y la vida para defenderlos de todos los malandrines que se han robado los recursos de la ciudad\u201d.<\/p>\n<p>El evento p\u00fablico de posesi\u00f3n estar\u00e1 amenizado por distintos artistas locales como Anne Swing, El Melchor, Kevin Fl\u00f3rez, entre otros, quienes voluntaria y gratuitamente ofrecieron sus presentaciones musicales.<\/p>\n<p>&nbsp;<\/p>\n","protected":false},"excerpt":{"rendered":"<p>En la Notar\u00eda S\u00e9ptima del C\u00edrculo de Cartagena, a las 10 de la ma\u00f1ana de este mi\u00e9rcoles 1 de enero, ante el notario Mario Echeverr\u00eda tomar\u00e1 posesi\u00f3n como nuevo alcalde de Cartagena el abogado William Dau Chamatt. Luego en la tarde, a. partir de la 1 p.m., ser\u00e1 la ceremonia protocolaria con artistas invitados y la posesi\u00f3n del gabinete distrital, en un escenario dispuesto en la v\u00eda Perimetral, a la altura del Ca\u00f1o Villa ubicado en el sector Rafael N\u00fa\u00f1ez del barrio Olaya Herrera. \u201cYa reventamos las cadenas, es hora&#8230; <\/p>\n","protected":false},"author":3,"featured_media":33559,"comment_status":"closed","ping_status":"closed","sticky":false,"template":"","format":"standard","meta":{"footnotes":"","_links_to":"","_links_to_target":""},"categories":[75,32],"tags":[],"class_list":["post-33558","post","type-post","status-publish","format-standard","has-post-thumbnail","hentry","category-destacada","category-actualidad-distrito"],"_links":{"self":[{"href":"https:\/\/revistazetta.com\/index.php?rest_route=\/wp\/v2\/posts\/33558","targetHints":{"allow":["GET"]}}],"collection":[{"href":"https:\/\/revistazetta.com\/index.php?rest_route=\/wp\/v2\/posts"}],"about":[{"href":"https:\/\/revistazetta.com\/index.php?rest_route=\/wp\/v2\/types\/post"}],"author":[{"embeddable":true,"href":"https:\/\/revistazetta.com\/index.php?rest_route=\/wp\/v2\/users\/3"}],"replies":[{"embeddable":true,"href":"https:\/\/revistazetta.com\/index.php?rest_route=%2Fwp%2Fv2%2Fcomments&post=33558"}],"version-history":[{"count":0,"href":"https:\/\/revistazetta.com\/index.php?rest_route=\/wp\/v2\/posts\/33558\/revisions"}],"wp:featuredmedia":[{"embeddable":true,"href":"https:\/\/revistazetta.com\/index.php?rest_route=\/wp\/v2\/media\/33559"}],"wp:attachment":[{"href":"https:\/\/revistazetta.com\/index.php?rest_route=%2Fwp%2Fv2%2Fmedia&parent=33558"}],"wp:term":[{"taxonomy":"category","embeddable":true,"href":"https:\/\/revistazetta.com\/index.php?rest_route=%2Fwp%2Fv2%2Fcategories&post=33558"},{"taxonomy":"post_tag","embeddable":true,"href":"https:\/\/revistazetta.com\/index.php?rest_route=%2Fwp%2Fv2%2Ftags&post=33558"}],"curies":[{"name":"wp","href":"https:\/\/api.w.org\/{rel}","templated":true}]}}