{"id":33564,"date":"2019-12-30T16:38:30","date_gmt":"2019-12-30T21:38:30","guid":{"rendered":"http:\/\/www.revistazetta.com\/?p=33564"},"modified":"2020-03-29T18:55:04","modified_gmt":"2020-03-29T23:55:04","slug":"dumek-le-entrego-mando-bolivar-vicente-blel-scaff","status":"publish","type":"post","link":"https:\/\/revistazetta.com\/?p=33564","title":{"rendered":"Dumek le entreg\u00f3 el mando de Bol\u00edvar a Vicente Blel Scaff"},"content":{"rendered":"<blockquote><p><strong>El gobernador Dumek Turbay dirigi\u00f3 la ceremonia de transmisi\u00f3n de mando, en donde se ratifica la nueva responsabilidad que asume el gobernador electo Vicente Blel Scaf.<\/strong><\/p><\/blockquote>\n<p><img loading=\"lazy\" decoding=\"async\" class=\"aligncenter wp-image-33571 size-large\" src=\"https:\/\/www.revistazetta.com\/wp-content\/uploads\/2019\/12\/Vico-mando-2-1024x682.jpg\" alt=\"\" width=\"1024\" height=\"682\" srcset=\"https:\/\/revistazetta.com\/wp-content\/uploads\/2019\/12\/Vico-mando-2-1024x682.jpg 1024w, https:\/\/revistazetta.com\/wp-content\/uploads\/2019\/12\/Vico-mando-2-400x266.jpg 400w, https:\/\/revistazetta.com\/wp-content\/uploads\/2019\/12\/Vico-mando-2-219x146.jpg 219w, https:\/\/revistazetta.com\/wp-content\/uploads\/2019\/12\/Vico-mando-2-50x33.jpg 50w, https:\/\/revistazetta.com\/wp-content\/uploads\/2019\/12\/Vico-mando-2-113x75.jpg 113w, https:\/\/revistazetta.com\/wp-content\/uploads\/2019\/12\/Vico-mando-2.jpg 1280w\" sizes=\"auto, (max-width: 1024px) 100vw, 1024px\" \/><\/p>\n<p>La transmisi\u00f3n de mando es un acto solemne, en donde el gobernador electo recibe del gobernador saliente la Cruz Rafael Nu\u00f1ez, la banda como nuevo gobernante y el bast\u00f3n de mando como una exaltaci\u00f3n en su condici\u00f3n de m\u00e1ximo representante de los bolivarenses.<\/p>\n<p>Dumek Turbay dirigi\u00f3 este evento, que quiz\u00e1s se puede considerar como su \u00faltimo acto de gobierno, junto con Vicente Blel quien asume como el nuevo gobernante de los bolivarenses a partir del primero de enero.<\/p>\n<p><img loading=\"lazy\" decoding=\"async\" class=\"size-medium wp-image-33566 alignright\" src=\"https:\/\/www.revistazetta.com\/wp-content\/uploads\/2019\/12\/Dumek-mando-1-200x300.jpeg\" alt=\"\" width=\"200\" height=\"300\" \/>\u00abNos vamos con la satisfacci\u00f3n del deber cumplido. He hecho todo lo posible por resolver la mayor\u00eda de los problemas que aquejan a los bolivarenses. Y en la medida en que Dios me lo permita, estar\u00e9 siempre dispuesto a prestar todo mi servicio desde el \u00e1mbito de lo p\u00fablico\u00bb, expres\u00f3 Dumek Turbay durante este acto, en medio de todos los asisntentes e invitados.<\/p>\n<p>De igual forma, Turbay Paz a\u00f1adi\u00f3 que no se va a apartar de la esfera p\u00fablica y que se dedicar\u00e1 a estudiar las diferentes problem\u00e1ticas que afectan a la ciudad de Cartagena. \u00abNo todo el mundo puede ser administrador de lo p\u00fablico, porque para ello se requieren de unas din\u00e1micas y unos tiempos, pero sobretodo, de una gran capacidad de entender las angustias de la gente para poder ser parte de su soluci\u00f3n\u00bb, explic\u00f3 el mandatario.<\/p>\n<p>Por \u00faltimo, Dumek Turbay subray\u00f3 que su gobierno se caracteriz\u00f3 ante todo por escuchar a los habitantes, gobernando en todo momento con el o\u00eddo. Y como su principal legado en materia de infraestructura, destac\u00f3 el circuito vial del norte de Bol\u00edvar, como su principal logro en su etapa de dirigente.<\/p>\n<p>Reconocimiento a los grandes exponentes del deporte<\/p>\n<p>Acto seguido, Turbay Paz recibi\u00f3 a todos los deportistas de Bol\u00edvar que obtuvieron medallas durante los Juegos Nacionales, para hacerles entrega de 810 millones de pesos. Todos estos grandes exponentes suman un total de 270 deportistas que pusieron el nombre de Bol\u00edvar en lo m\u00e1s alto de la cima.<\/p>\n<p>Francisco Antonio Mosquera Valencia \u00abPacho Mosquera\u00bb, quien desde siempre ha sido uno de los grandes atletas en levantamiento de pesas, se\u00f1al\u00f3: \u00bb Me siento muy feliz, pero sobretodo estoy muy agradecido con el gobernador Dumek Turbay por brindarnos todo el apoyo y por ense\u00f1arnos que con la disciplina y constancia se obtienen los mejores resultados\u00bb.<\/p>\n<p><img loading=\"lazy\" decoding=\"async\" class=\"alignnone size-medium wp-image-33568\" src=\"https:\/\/www.revistazetta.com\/wp-content\/uploads\/2019\/12\/Dumek-mando-3-300x200.jpeg\" alt=\"\" width=\"300\" height=\"200\" \/><\/p>\n<p><img loading=\"lazy\" decoding=\"async\" class=\"alignnone size-medium wp-image-33570\" src=\"https:\/\/www.revistazetta.com\/wp-content\/uploads\/2019\/12\/Vico-mando-1-300x200.jpg\" alt=\"\" width=\"300\" height=\"200\" \/><\/p>\n<p><img loading=\"lazy\" decoding=\"async\" class=\"alignnone size-medium wp-image-33567\" src=\"https:\/\/www.revistazetta.com\/wp-content\/uploads\/2019\/12\/Dumek-mando-2-300x200.jpeg\" alt=\"\" width=\"300\" height=\"200\" \/><\/p>\n","protected":false},"excerpt":{"rendered":"<p>El gobernador Dumek Turbay dirigi\u00f3 la ceremonia de transmisi\u00f3n de mando, en donde se ratifica la nueva responsabilidad que asume el gobernador electo Vicente Blel Scaf. La transmisi\u00f3n de mando es un acto solemne, en donde el gobernador electo recibe del gobernador saliente la Cruz Rafael Nu\u00f1ez, la banda como nuevo gobernante y el bast\u00f3n de mando como una exaltaci\u00f3n en su condici\u00f3n de m\u00e1ximo representante de los bolivarenses. Dumek Turbay dirigi\u00f3 este evento, que quiz\u00e1s se puede considerar como su \u00faltimo acto de gobierno, junto con Vicente Blel quien&#8230; <\/p>\n","protected":false},"author":3,"featured_media":33565,"comment_status":"closed","ping_status":"closed","sticky":false,"template":"","format":"standard","meta":{"footnotes":"","_links_to":"","_links_to_target":""},"categories":[80,75],"tags":[],"class_list":["post-33564","post","type-post","status-publish","format-standard","has-post-thumbnail","hentry","category-region","category-destacada"],"_links":{"self":[{"href":"https:\/\/revistazetta.com\/index.php?rest_route=\/wp\/v2\/posts\/33564","targetHints":{"allow":["GET"]}}],"collection":[{"href":"https:\/\/revistazetta.com\/index.php?rest_route=\/wp\/v2\/posts"}],"about":[{"href":"https:\/\/revistazetta.com\/index.php?rest_route=\/wp\/v2\/types\/post"}],"author":[{"embeddable":true,"href":"https:\/\/revistazetta.com\/index.php?rest_route=\/wp\/v2\/users\/3"}],"replies":[{"embeddable":true,"href":"https:\/\/revistazetta.com\/index.php?rest_route=%2Fwp%2Fv2%2Fcomments&post=33564"}],"version-history":[{"count":0,"href":"https:\/\/revistazetta.com\/index.php?rest_route=\/wp\/v2\/posts\/33564\/revisions"}],"wp:featuredmedia":[{"embeddable":true,"href":"https:\/\/revistazetta.com\/index.php?rest_route=\/wp\/v2\/media\/33565"}],"wp:attachment":[{"href":"https:\/\/revistazetta.com\/index.php?rest_route=%2Fwp%2Fv2%2Fmedia&parent=33564"}],"wp:term":[{"taxonomy":"category","embeddable":true,"href":"https:\/\/revistazetta.com\/index.php?rest_route=%2Fwp%2Fv2%2Fcategories&post=33564"},{"taxonomy":"post_tag","embeddable":true,"href":"https:\/\/revistazetta.com\/index.php?rest_route=%2Fwp%2Fv2%2Ftags&post=33564"}],"curies":[{"name":"wp","href":"https:\/\/api.w.org\/{rel}","templated":true}]}}