{"id":33572,"date":"2019-12-30T16:52:48","date_gmt":"2019-12-30T21:52:48","guid":{"rendered":"http:\/\/www.revistazetta.com\/?p=33572"},"modified":"2020-03-29T18:55:03","modified_gmt":"2020-03-29T23:55:03","slug":"dau-ya-baston-mando","status":"publish","type":"post","link":"https:\/\/revistazetta.com\/?p=33572","title":{"rendered":"Dau ya tiene el bast\u00f3n de mando"},"content":{"rendered":"<p>El alcalde electo de Cartagena, William Dau Chamatt, recibi\u00f3 de manos de su antecesor, el alcalde encargado Pedrito Pereira Caballero, el simb\u00f3lico bast\u00f3n de mando de la ciudad.<\/p>\n<p>La ceremonia se cumplido en el sal\u00f3n Vicente Mart\u00ednez Martelo del Palacio de la Aduana, donde los dirigentes estuvieron acompa\u00f1ados de sus respectivas familias, as\u00ed como funcionarios y allegados cercanos.<\/p>\n<p>Dau Chamat tomar\u00e1 posesi\u00f3n del cargo de alcalde de Cartagena de Indias este mi\u00e9rcoles 1 de enero, a las 10 de la ma\u00f1ana ante el notario S\u00e9ptimo de Cartagena, mario Echavarr\u00eda, y a partir de la 1 de la tarde ser\u00e1 la ceremonia protocolar en la v\u00eda Perimetral.<\/p>\n<p><img loading=\"lazy\" decoding=\"async\" class=\"aligncenter size-full wp-image-33575\" src=\"https:\/\/www.revistazetta.com\/wp-content\/uploads\/2019\/12\/Baston-3.jpeg\" alt=\"\" width=\"1280\" height=\"853\" srcset=\"https:\/\/revistazetta.com\/wp-content\/uploads\/2019\/12\/Baston-3.jpeg 1280w, https:\/\/revistazetta.com\/wp-content\/uploads\/2019\/12\/Baston-3-400x267.jpeg 400w, https:\/\/revistazetta.com\/wp-content\/uploads\/2019\/12\/Baston-3-1024x682.jpeg 1024w, https:\/\/revistazetta.com\/wp-content\/uploads\/2019\/12\/Baston-3-219x146.jpeg 219w, https:\/\/revistazetta.com\/wp-content\/uploads\/2019\/12\/Baston-3-50x33.jpeg 50w, https:\/\/revistazetta.com\/wp-content\/uploads\/2019\/12\/Baston-3-113x75.jpeg 113w\" sizes=\"auto, (max-width: 1280px) 100vw, 1280px\" \/><\/p>\n<p><img decoding=\"async\" src=\"https:\/\/www.revistazetta.com\/wp-content\/uploads\/2019\/12\/Baston-2.jpeg\" alt=\"\" \/><\/p>\n<p><img decoding=\"async\" src=\"https:\/\/www.revistazetta.com\/wp-content\/uploads\/2019\/12\/mando-7.jpeg\" alt=\"\" \/><\/p>\n","protected":false},"excerpt":{"rendered":"<p>El alcalde electo de Cartagena, William Dau Chamatt, recibi\u00f3 de manos de su antecesor, el alcalde encargado Pedrito Pereira Caballero, el simb\u00f3lico bast\u00f3n de mando de la ciudad. La ceremonia se cumplido en el sal\u00f3n Vicente Mart\u00ednez Martelo del Palacio de la Aduana, donde los dirigentes estuvieron acompa\u00f1ados de sus respectivas familias, as\u00ed como funcionarios y allegados cercanos. Dau Chamat tomar\u00e1 posesi\u00f3n del cargo de alcalde de Cartagena de Indias este mi\u00e9rcoles 1 de enero, a las 10 de la ma\u00f1ana ante el notario S\u00e9ptimo de Cartagena, mario Echavarr\u00eda, y&#8230; <\/p>\n","protected":false},"author":3,"featured_media":33576,"comment_status":"closed","ping_status":"closed","sticky":false,"template":"","format":"standard","meta":{"footnotes":"","_links_to":"","_links_to_target":""},"categories":[75,32],"tags":[],"class_list":["post-33572","post","type-post","status-publish","format-standard","has-post-thumbnail","hentry","category-destacada","category-actualidad-distrito"],"_links":{"self":[{"href":"https:\/\/revistazetta.com\/index.php?rest_route=\/wp\/v2\/posts\/33572","targetHints":{"allow":["GET"]}}],"collection":[{"href":"https:\/\/revistazetta.com\/index.php?rest_route=\/wp\/v2\/posts"}],"about":[{"href":"https:\/\/revistazetta.com\/index.php?rest_route=\/wp\/v2\/types\/post"}],"author":[{"embeddable":true,"href":"https:\/\/revistazetta.com\/index.php?rest_route=\/wp\/v2\/users\/3"}],"replies":[{"embeddable":true,"href":"https:\/\/revistazetta.com\/index.php?rest_route=%2Fwp%2Fv2%2Fcomments&post=33572"}],"version-history":[{"count":0,"href":"https:\/\/revistazetta.com\/index.php?rest_route=\/wp\/v2\/posts\/33572\/revisions"}],"wp:featuredmedia":[{"embeddable":true,"href":"https:\/\/revistazetta.com\/index.php?rest_route=\/wp\/v2\/media\/33576"}],"wp:attachment":[{"href":"https:\/\/revistazetta.com\/index.php?rest_route=%2Fwp%2Fv2%2Fmedia&parent=33572"}],"wp:term":[{"taxonomy":"category","embeddable":true,"href":"https:\/\/revistazetta.com\/index.php?rest_route=%2Fwp%2Fv2%2Fcategories&post=33572"},{"taxonomy":"post_tag","embeddable":true,"href":"https:\/\/revistazetta.com\/index.php?rest_route=%2Fwp%2Fv2%2Ftags&post=33572"}],"curies":[{"name":"wp","href":"https:\/\/api.w.org\/{rel}","templated":true}]}}