{"id":33580,"date":"2020-01-01T13:49:35","date_gmt":"2020-01-01T18:49:35","guid":{"rendered":"http:\/\/www.revistazetta.com\/?p=33580"},"modified":"2020-03-29T18:55:03","modified_gmt":"2020-03-29T23:55:03","slug":"politica-publica-juventud-paquete-primeros-proyectos-del-gobernador-blel","status":"publish","type":"post","link":"https:\/\/revistazetta.com\/?p=33580","title":{"rendered":"Pol\u00edtica p\u00fablica de Juventud, en el paquete de primeros proyectos del gobernador Blel"},"content":{"rendered":"<p>La Pol\u00edtica P\u00fablica de Juventud en el Departamento de Bol\u00edvar estar\u00e1 dentro de las prioridades en los proyectos de ordenanza que presentar\u00e1 el nuevo gobernador Vicente Blel Scaff.<\/p>\n<p>Al tomar posesi\u00f3n del cargo e instalar las primeras sesiones ordinarias de la nueva Asamblea Departamental, el gobernador tiene prospectado hablarle a los nuevos diputados de una pol\u00edtica que coadyuve para que los j\u00f3venes se incorporen a los consejos municipales de juventudes y las plataformas juveniles y desde su perspectiva se involucren en la vida de sus municipios.<\/p>\n<p>Blel recordar\u00e1 que su carrera pol\u00edtica inici\u00f3 como diputado de la Asamblea, y anunciar\u00e1 que en el cuatrienio trabajar\u00e1 para dejar dotada a esta importante corporaci\u00f3n de una sede que cuente con todas las comodidades para el ejercicio de la labor y funciones<\/p>\n<p>Blel Scaff toma posesi\u00f3n este mi\u00e9rcoles 1 de enero a las 4 de la tarde ante la Asamblea Departamental y luego se dirigir\u00e1 al CAD en Turbaco para formalizar su gabinete h adelantar el primer Consejo de gobierno de su mandato.<\/p>\n<p>&nbsp;<\/p>\n<p>&nbsp;<\/p>\n","protected":false},"excerpt":{"rendered":"<p>La Pol\u00edtica P\u00fablica de Juventud en el Departamento de Bol\u00edvar estar\u00e1 dentro de las prioridades en los proyectos de ordenanza que presentar\u00e1 el nuevo gobernador Vicente Blel Scaff. Al tomar posesi\u00f3n del cargo e instalar las primeras sesiones ordinarias de la nueva Asamblea Departamental, el gobernador tiene prospectado hablarle a los nuevos diputados de una pol\u00edtica que coadyuve para que los j\u00f3venes se incorporen a los consejos municipales de juventudes y las plataformas juveniles y desde su perspectiva se involucren en la vida de sus municipios. Blel recordar\u00e1 que su&#8230; <\/p>\n","protected":false},"author":3,"featured_media":33581,"comment_status":"closed","ping_status":"closed","sticky":false,"template":"","format":"standard","meta":{"footnotes":"","_links_to":"","_links_to_target":""},"categories":[4,80],"tags":[],"class_list":["post-33580","post","type-post","status-publish","format-standard","has-post-thumbnail","hentry","category-politica","category-region"],"_links":{"self":[{"href":"https:\/\/revistazetta.com\/index.php?rest_route=\/wp\/v2\/posts\/33580","targetHints":{"allow":["GET"]}}],"collection":[{"href":"https:\/\/revistazetta.com\/index.php?rest_route=\/wp\/v2\/posts"}],"about":[{"href":"https:\/\/revistazetta.com\/index.php?rest_route=\/wp\/v2\/types\/post"}],"author":[{"embeddable":true,"href":"https:\/\/revistazetta.com\/index.php?rest_route=\/wp\/v2\/users\/3"}],"replies":[{"embeddable":true,"href":"https:\/\/revistazetta.com\/index.php?rest_route=%2Fwp%2Fv2%2Fcomments&post=33580"}],"version-history":[{"count":0,"href":"https:\/\/revistazetta.com\/index.php?rest_route=\/wp\/v2\/posts\/33580\/revisions"}],"wp:featuredmedia":[{"embeddable":true,"href":"https:\/\/revistazetta.com\/index.php?rest_route=\/wp\/v2\/media\/33581"}],"wp:attachment":[{"href":"https:\/\/revistazetta.com\/index.php?rest_route=%2Fwp%2Fv2%2Fmedia&parent=33580"}],"wp:term":[{"taxonomy":"category","embeddable":true,"href":"https:\/\/revistazetta.com\/index.php?rest_route=%2Fwp%2Fv2%2Fcategories&post=33580"},{"taxonomy":"post_tag","embeddable":true,"href":"https:\/\/revistazetta.com\/index.php?rest_route=%2Fwp%2Fv2%2Ftags&post=33580"}],"curies":[{"name":"wp","href":"https:\/\/api.w.org\/{rel}","templated":true}]}}