{"id":33586,"date":"2020-01-03T10:45:23","date_gmt":"2020-01-03T15:45:23","guid":{"rendered":"http:\/\/www.revistazetta.com\/?p=33586"},"modified":"2020-03-29T18:55:03","modified_gmt":"2020-03-29T23:55:03","slug":"primeras-tareas-opinion-danilo-contreras","status":"publish","type":"post","link":"https:\/\/revistazetta.com\/?p=33586","title":{"rendered":"Primeras tareas &#8211; Opini\u00f3n de Danilo Contreras"},"content":{"rendered":"<div><span style=\"color: #000080;\"><strong>Por Danilo Contreras (Especial para Revista Zetta 20 a\u00f1os).-<\/strong><\/span>\u00a0Es conocido por la evidencia y por boca del propio alcalde Dau, que su programa de gobierno fue poco elaborado, para no decir que pr\u00e1cticamente inexistente a no ser porque hay 2 l\u00edneas que se destacan en dicho documento: Lucha contra la corrupci\u00f3n y contra la pobreza. Dos prop\u00f3sitos suficientemente ambiciosos para justificar los esfuerzos de la administraci\u00f3n en el pr\u00f3ximo cuatrienio. Esta por determinar como enfrentar\u00e1 este par de retos monumentales.<\/div>\n<div><\/div>\n<div>En cuanto al primero, lucha contra la corrupci\u00f3n, ya se muestran resultados si se consideran los anuncios de los encargados del nuevo gabinete y la transparencia y apertura con que se realiz\u00f3 el empalme y su informe de conclusi\u00f3n. Es claro que el talante personal del alcalde Dau ser\u00e1 la pieza fundamental de esta lucha.<\/div>\n<div><\/div>\n<div>Lo otro es la lucha contra la pobreza, pues la propuesta gen\u00e9rica del programa que m\u00e1s o menos se\u00f1ala el objetivo de irrigar miles de millones de pesos en las comunidades pobres, genera inquietudes. Hay muchas maneras de luchar contra la pobreza. Algunos sectores han cre\u00eddo err\u00f3neamente y desde hace d\u00e9cadas, que una formula es la de \u00a0hacer m\u00e1s ricos a los ricos y que por \u201cderrame\u201d las migajas caigan en los hogares m\u00e1s vulnerables.<\/div>\n<div><\/div>\n<div>Soy el menos autorizado de los cartageneros para sugerir, pero eso no impide que vierta mi opini\u00f3n en cuanto a lo que podr\u00edan ser las primeras tareas a asumir para que el gobierno tenga bien suceso.<\/div>\n<div><\/div>\n<div>Si mal no estoy, Lleras Restrepo fue quien dijo que para adelantar una pol\u00edtica p\u00fablica lo primero era crear un ministerio. \u201cDadme un punto de apoyo y mover\u00e9 el mundo\u201d, hab\u00eda dicho ya Arquimedes.<\/div>\n<div><\/div>\n<div>Pues bien, considero modestamente que las primeras tareas a las que debe aplicarse el alcalde, tienen car\u00e1cter institucional Y paso a enumerar en resumidos 5 puntos:<\/div>\n<div><\/div>\n<div>1. Plan de desarrollo con gran participaci\u00f3n ciudadana. Esta puede ser la oportunidad para superar los vac\u00edos del programa de gobierno, en contraposici\u00f3n a ejercicios de gobiernos anteriores que contratan expertos o simplemente se restringen en lo que a participaci\u00f3n se trata, a meras audiencias p\u00fablicas en el concejo y otras estrategias gastadas. De la fuerte participaci\u00f3n de la gente en la estructuraci\u00f3n del plan depender\u00e1 fortalecer la legitimidad con que ya cuenta el alcalde para hacer las reformas.<\/div>\n<div><\/div>\n<div>2. Pemp y Pot. Estos son los instrumentos de ordenamiento que traer\u00e1n algo de luz al caos en que se ha convertido la idea de desarrollo urbano en Cartagena. Son verdaderas cartas de navegaci\u00f3n, como se\u00f1ala el lugar com\u00fan.<\/div>\n<div><\/div>\n<div>3. Re estructuraci\u00f3n administrativa. Para seguir la regla de que hablar\u00e1 Lleras Restrepo, esta se hace inaplazable. Personalmente me parece que incluso la planteada desde 2010 en la \u00e9poca de la alcaldesa Pinedo debe revisarse con detalle, considerando que a\u00fan en esa \u00e9poca la amenaza \u2013 reto del cambio clim\u00e1tico no ten\u00eda el protagonismo que ahora tiene. En ese sentido llamo la atenci\u00f3n en cuanto a lo que suceder\u00e1 con Edurbe, cuyo papel en el t\u00f3pico \u00faltimamente apuntado tiene un protagonismo de primera l\u00ednea. Es menester contar con una entidad que propicie el desarrollo sostenible en armon\u00eda con el agua. La innovaci\u00f3n, la ciencia y la tecnolog\u00eda que ya existe en el mundo en ciudades similares a Cartagena, deben marcar el nuevo destino de un Edurbe transformado y fortalecido financieramente. De otra arista no es posible superar pobreza con una entidad debilitada y sin presupuestos como lo es hoy el PES.<\/div>\n<div><\/div>\n<div>4. \u00c1rea metropolitana. Esta instituci\u00f3n que fue tan controversial en su g\u00e9nesis, es ya una necesidad inaplazable. Proyectos como el traslado de Bazurto y los temas de seguridad y abastecimiento alimentario, la extensi\u00f3n de Transcaribe a municipios circunvecinos y la provisi\u00f3n de agua, por solo mencionar algunos, son temas que ameritan que el alcalde de un impulso definitivo al \u00c1rea que de hecho existe.<\/div>\n<div><\/div>\n<div>5. Finalmente y complementario con el Plan de Desarrollo, me parecer\u00eda profundamente transformador impulsar una pol\u00edtica de presupuestos participativos que permita a las comunidades priorizar, mediando el respaldo t\u00e9cnico, las obras de desarrollo de sus comunidades.<\/div>\n<div><\/div>\n<div>Estas medidas podr\u00edan facilitar la fluidez de los proyectos de desarrollo que reclama la ciudad.<\/div>\n","protected":false},"excerpt":{"rendered":"<p>Por Danilo Contreras (Especial para Revista Zetta 20 a\u00f1os).-\u00a0Es conocido por la evidencia y por boca del propio alcalde Dau, que su programa de gobierno fue poco elaborado, para no decir que pr\u00e1cticamente inexistente a no ser porque hay 2 l\u00edneas que se destacan en dicho documento: Lucha contra la corrupci\u00f3n y contra la pobreza. Dos prop\u00f3sitos suficientemente ambiciosos para justificar los esfuerzos de la administraci\u00f3n en el pr\u00f3ximo cuatrienio. Esta por determinar como enfrentar\u00e1 este par de retos monumentales. En cuanto al primero, lucha contra la corrupci\u00f3n, ya se&#8230; <\/p>\n","protected":false},"author":3,"featured_media":33587,"comment_status":"closed","ping_status":"closed","sticky":false,"template":"","format":"standard","meta":{"footnotes":"","_links_to":"","_links_to_target":""},"categories":[44,75,65],"tags":[],"class_list":["post-33586","post","type-post","status-publish","format-standard","has-post-thumbnail","hentry","category-materiagris","category-destacada","category-opinion"],"_links":{"self":[{"href":"https:\/\/revistazetta.com\/index.php?rest_route=\/wp\/v2\/posts\/33586","targetHints":{"allow":["GET"]}}],"collection":[{"href":"https:\/\/revistazetta.com\/index.php?rest_route=\/wp\/v2\/posts"}],"about":[{"href":"https:\/\/revistazetta.com\/index.php?rest_route=\/wp\/v2\/types\/post"}],"author":[{"embeddable":true,"href":"https:\/\/revistazetta.com\/index.php?rest_route=\/wp\/v2\/users\/3"}],"replies":[{"embeddable":true,"href":"https:\/\/revistazetta.com\/index.php?rest_route=%2Fwp%2Fv2%2Fcomments&post=33586"}],"version-history":[{"count":0,"href":"https:\/\/revistazetta.com\/index.php?rest_route=\/wp\/v2\/posts\/33586\/revisions"}],"wp:featuredmedia":[{"embeddable":true,"href":"https:\/\/revistazetta.com\/index.php?rest_route=\/wp\/v2\/media\/33587"}],"wp:attachment":[{"href":"https:\/\/revistazetta.com\/index.php?rest_route=%2Fwp%2Fv2%2Fmedia&parent=33586"}],"wp:term":[{"taxonomy":"category","embeddable":true,"href":"https:\/\/revistazetta.com\/index.php?rest_route=%2Fwp%2Fv2%2Fcategories&post=33586"},{"taxonomy":"post_tag","embeddable":true,"href":"https:\/\/revistazetta.com\/index.php?rest_route=%2Fwp%2Fv2%2Ftags&post=33586"}],"curies":[{"name":"wp","href":"https:\/\/api.w.org\/{rel}","templated":true}]}}