{"id":33588,"date":"2020-01-04T09:40:34","date_gmt":"2020-01-04T14:40:34","guid":{"rendered":"http:\/\/www.revistazetta.com\/?p=33588"},"modified":"2020-03-29T18:55:03","modified_gmt":"2020-03-29T23:55:03","slug":"afinado-sinfonico-no-opinion-john-zamora","status":"publish","type":"post","link":"https:\/\/revistazetta.com\/?p=33588","title":{"rendered":"Afinado y sinf\u00f3nico NO \u2013 Opini\u00f3n de John Zamora"},"content":{"rendered":"<p><span style=\"color: #000080;\"><strong>Por John Zamora (Director de Revista Zetta).-<\/strong>\u00a0<\/span> Hay decisiones que se toman por convicci\u00f3n y otras por f\u00edsica fuerza de las circunstancias.<\/p>\n<p>El alcalde William Dau le dijo NO al Festival de M\u00fasica de la Fundaci\u00f3n Salvi porque la Alcald\u00eda est\u00e1 sin billete, seg\u00fan expres\u00f3. Pero no sabemos si el a\u00f1o que viene, cuando la situaci\u00f3n financiera sea resultado directo de su gesti\u00f3n y ojal\u00e1 haya plata, la respuesta sea la misma. Mejor dicho, el NO es resultado de la fuerza de las circunstancias.<\/p>\n<p>Es una de sus primeras decisiones y, por el bien de la cultura cartagenera, me parece acertada, mejor a\u00fan si el NO es por convicci\u00f3n.<\/p>\n<p>Se trata, ante todo y por encima de todo, de un festival de m\u00fasica europea, as\u00ed nos vendan el clich\u00e9 seg\u00fan el cual la \u201cm\u00fasica es universal\u201d, que tiene el m\u00e9rito de mantener viva la herencia de Bach, Mozart, Beethoven y dem\u00e1s portentos de la m\u00fasica del viejo Continente.<\/p>\n<p>Por buena y edificante que sea, no es nuestra m\u00fasica ni representa nuestra cultura. \u00bfCu\u00e1ndo en Salzburgo har\u00e1n un festival de m\u00fasica anual con obras de Lucho Berm\u00fadez, Joe Arroyo, Rufo Garrido o Mr. Black?<\/p>\n<p>Junto a las consideraciones culturales, tambi\u00e9n est\u00e1 el monto del valor solicitado. Es un desprop\u00f3sito de la organizaci\u00f3n pedirle m\u00e1s de $700 millones a una ciudad quebrada y necesitada, y peor a\u00fan, restarle esos hipot\u00e9ticos recursos a un sector que clama atenci\u00f3n. Ya quisieran los actores festivos, esos que rescatan y revitalizan nuestras fiestas de Independencia, contar con ese dineral.<\/p>\n<p>Comparto lo dicho el m\u00fasico Luis Jerez Zurita, en un interesante y documentado art\u00edculo, del cual concluyo que se trata de un evento al que le falta mayor inclusi\u00f3n y una labor m\u00e1s sostenida en el proceso sinf\u00f3nico. (<a href=\"https:\/\/lachiva.co\/opinion\/para-que-quiere-el-festival-de-musica-clasica-de-cartagena-700-millones\/)\" target=\"_blank\" rel=\"noopener\">https:\/\/lachiva.co\/opinion\/para-que-quiere-el-festival-de-musica-clasica-de-cartagena-700-millones\/)<\/a><\/p>\n<p><em>\u201c<\/em><em>Los m\u00fasicos que traen son de alto calibre, financiados por los grandes patrocinadores que tiene. Dentro de su prop\u00f3sito constituye todos los a\u00f1os la\u00a0<\/em><strong><em>Sinf\u00f3nica de Cartagena<\/em><\/strong><em>, que funciona entre el mes de octubre y la segunda semana de enero, conformada por m\u00fasicos de varios procesos sinf\u00f3nicos de la ciudad, cumpliendo la promesa e idea de ser la \u00aborquesta de la ciudad\u00bb, con lo cual diferimos la mayor\u00eda de los formadores musicales en Cartagena\u201d.<\/em><\/p>\n<p>Leo esto y pienso que la dicha sinf\u00f3nica es un \u201cven t\u00fa\u201d coyuntural.<\/p>\n<p>Este festival tiene una fundadora acaudalada, que lo ha rodeado de patrocinadores pudientes y de lujo, que se exhiben en la gran vitrina de Cartagena de Indias, con televisi\u00f3n privada de RCN televisi\u00f3n transmitiendo sus conciertos.<\/p>\n<p>Dir\u00e1n que contribuyen a proyectar la imagen de Cartagena ante el mundo y as\u00ed salimos a deberles siempre. Explotan nuestras plazas, calles, atrios, como si fuese obligaci\u00f3n de la ciudad regalarles esos espacios. Son este tipo de posturas las que nos dejan en d\u00e9ficit moral: Vengan, hagan, traigan su gente, y, adem\u00e1s, aqu\u00ed est\u00e1 el billete. Es el pobre quit\u00e1ndose el bocado para darle al rico.<\/p>\n<p>\u00bfQu\u00e9 si no los apoyamos se llevan su festival a otra parte? Ya sabemos que no hay ciudad que le gane en belleza a Cartagena\u2026 ni en limitaciones para financiar a su sector cultural.<\/p>\n<p>Si el festival Salvi contin\u00faa o no, no tiene ning\u00fan efecto directo sobre la cultura popular cartagenera. Tampoco sobre el turismo. La gente viene a Cartagena en enero por Cartagena, con o sin este festival. Ya alguien se inventar\u00e1 otro. Si se queda, bien. Patrocinios le abundan, sobre todo porque se hace en Cartagena. Llevan varios a\u00f1os y siempre ser\u00e1n ajenos, porque le rinden culto a una m\u00fasica que no nos representa. Que Dau les haya dicho que NO, sea o no por convicci\u00f3n, es una afinada y sinf\u00f3nica noticia. Y que cuando haya plata, sea para los de aqu\u00ed.<\/p>\n<p>&nbsp;<\/p>\n","protected":false},"excerpt":{"rendered":"<p>Por John Zamora (Director de Revista Zetta).-\u00a0 Hay decisiones que se toman por convicci\u00f3n y otras por f\u00edsica fuerza de las circunstancias. El alcalde William Dau le dijo NO al Festival de M\u00fasica de la Fundaci\u00f3n Salvi porque la Alcald\u00eda est\u00e1 sin billete, seg\u00fan expres\u00f3. Pero no sabemos si el a\u00f1o que viene, cuando la situaci\u00f3n financiera sea resultado directo de su gesti\u00f3n y ojal\u00e1 haya plata, la respuesta sea la misma. Mejor dicho, el NO es resultado de la fuerza de las circunstancias. Es una de sus primeras decisiones&#8230; <\/p>\n","protected":false},"author":3,"featured_media":33589,"comment_status":"closed","ping_status":"closed","sticky":false,"template":"","format":"standard","meta":{"footnotes":"","_links_to":"","_links_to_target":""},"categories":[75,44,65],"tags":[],"class_list":["post-33588","post","type-post","status-publish","format-standard","has-post-thumbnail","hentry","category-destacada","category-materiagris","category-opinion"],"_links":{"self":[{"href":"https:\/\/revistazetta.com\/index.php?rest_route=\/wp\/v2\/posts\/33588","targetHints":{"allow":["GET"]}}],"collection":[{"href":"https:\/\/revistazetta.com\/index.php?rest_route=\/wp\/v2\/posts"}],"about":[{"href":"https:\/\/revistazetta.com\/index.php?rest_route=\/wp\/v2\/types\/post"}],"author":[{"embeddable":true,"href":"https:\/\/revistazetta.com\/index.php?rest_route=\/wp\/v2\/users\/3"}],"replies":[{"embeddable":true,"href":"https:\/\/revistazetta.com\/index.php?rest_route=%2Fwp%2Fv2%2Fcomments&post=33588"}],"version-history":[{"count":0,"href":"https:\/\/revistazetta.com\/index.php?rest_route=\/wp\/v2\/posts\/33588\/revisions"}],"wp:featuredmedia":[{"embeddable":true,"href":"https:\/\/revistazetta.com\/index.php?rest_route=\/wp\/v2\/media\/33589"}],"wp:attachment":[{"href":"https:\/\/revistazetta.com\/index.php?rest_route=%2Fwp%2Fv2%2Fmedia&parent=33588"}],"wp:term":[{"taxonomy":"category","embeddable":true,"href":"https:\/\/revistazetta.com\/index.php?rest_route=%2Fwp%2Fv2%2Fcategories&post=33588"},{"taxonomy":"post_tag","embeddable":true,"href":"https:\/\/revistazetta.com\/index.php?rest_route=%2Fwp%2Fv2%2Ftags&post=33588"}],"curies":[{"name":"wp","href":"https:\/\/api.w.org\/{rel}","templated":true}]}}