{"id":33593,"date":"2020-01-07T06:44:17","date_gmt":"2020-01-07T11:44:17","guid":{"rendered":"http:\/\/www.revistazetta.com\/?p=33593"},"modified":"2020-03-29T18:55:03","modified_gmt":"2020-03-29T23:55:03","slug":"dau-se-retracto-abello-nombro-fortich-dadis","status":"publish","type":"post","link":"https:\/\/revistazetta.com\/?p=33593","title":{"rendered":"Dau se \u201cretract\u00f3\u201d de Abello y nombr\u00f3 a Fortich en Dadis"},"content":{"rendered":"<p>Sin mediar explicaci\u00f3n alguna, el alcalde William Dau \u201cdesnombr\u00f3\u201d al sic\u00f3logo Fernando Abello como director del Dadis, y anunci\u00f3 al m\u00e9dico \u00c1lvaro Fortich al frente de la entidad.<\/p>\n<p>El pasado 27 de diciembre en un video publicado en sus redes, el alcalde present\u00f3 a Abello y resumi\u00f3 su hoja de vida que incluye especializaciones y maestr\u00eda, tras lo cual el anunciado dijo que \u201cvamos a crear un equipo de un mill\u00f3n de personas para sacar adelante la salud\u201d.<\/p>\n<p>No obstante, el alcalde sorprendi\u00f3 este lunes y con el mismo formato de video, present\u00f3 a Fortich y su ejemplar hoja de vida en el \u00e1rea de la salud.<\/p>\n<p>El nuevo anunciado funcionario agradeci\u00f3 y dijo que pondr\u00e1 al servicio de su ciudad los 30 a\u00f1os de experiencia, y fij\u00f3 como metas el mejoramiento en calidad de vida, saneamiento ambiental y salud para todos.<\/p>\n<p>El alcalde no ofreci\u00f3 ninguna explicaci\u00f3n de este cambio, pero tras anunciar a Abello se suscit\u00f3 una pol\u00e9mica por su perfil profesional que no corresponder\u00eda al exigido en el manuel del cargo.<\/p>\n","protected":false},"excerpt":{"rendered":"<p>Sin mediar explicaci\u00f3n alguna, el alcalde William Dau \u201cdesnombr\u00f3\u201d al sic\u00f3logo Fernando Abello como director del Dadis, y anunci\u00f3 al m\u00e9dico \u00c1lvaro Fortich al frente de la entidad. El pasado 27 de diciembre en un video publicado en sus redes, el alcalde present\u00f3 a Abello y resumi\u00f3 su hoja de vida que incluye especializaciones y maestr\u00eda, tras lo cual el anunciado dijo que \u201cvamos a crear un equipo de un mill\u00f3n de personas para sacar adelante la salud\u201d. No obstante, el alcalde sorprendi\u00f3 este lunes y con el mismo formato&#8230; <\/p>\n","protected":false},"author":3,"featured_media":33594,"comment_status":"closed","ping_status":"closed","sticky":false,"template":"","format":"standard","meta":{"footnotes":"","_links_to":"","_links_to_target":""},"categories":[75,32],"tags":[],"class_list":["post-33593","post","type-post","status-publish","format-standard","has-post-thumbnail","hentry","category-destacada","category-actualidad-distrito"],"_links":{"self":[{"href":"https:\/\/revistazetta.com\/index.php?rest_route=\/wp\/v2\/posts\/33593","targetHints":{"allow":["GET"]}}],"collection":[{"href":"https:\/\/revistazetta.com\/index.php?rest_route=\/wp\/v2\/posts"}],"about":[{"href":"https:\/\/revistazetta.com\/index.php?rest_route=\/wp\/v2\/types\/post"}],"author":[{"embeddable":true,"href":"https:\/\/revistazetta.com\/index.php?rest_route=\/wp\/v2\/users\/3"}],"replies":[{"embeddable":true,"href":"https:\/\/revistazetta.com\/index.php?rest_route=%2Fwp%2Fv2%2Fcomments&post=33593"}],"version-history":[{"count":0,"href":"https:\/\/revistazetta.com\/index.php?rest_route=\/wp\/v2\/posts\/33593\/revisions"}],"wp:featuredmedia":[{"embeddable":true,"href":"https:\/\/revistazetta.com\/index.php?rest_route=\/wp\/v2\/media\/33594"}],"wp:attachment":[{"href":"https:\/\/revistazetta.com\/index.php?rest_route=%2Fwp%2Fv2%2Fmedia&parent=33593"}],"wp:term":[{"taxonomy":"category","embeddable":true,"href":"https:\/\/revistazetta.com\/index.php?rest_route=%2Fwp%2Fv2%2Fcategories&post=33593"},{"taxonomy":"post_tag","embeddable":true,"href":"https:\/\/revistazetta.com\/index.php?rest_route=%2Fwp%2Fv2%2Ftags&post=33593"}],"curies":[{"name":"wp","href":"https:\/\/api.w.org\/{rel}","templated":true}]}}