{"id":33595,"date":"2020-01-07T07:04:05","date_gmt":"2020-01-07T12:04:05","guid":{"rendered":"http:\/\/www.revistazetta.com\/?p=33595"},"modified":"2020-03-29T18:55:03","modified_gmt":"2020-03-29T23:55:03","slug":"los-municipios-la-oficina-vicente-blel","status":"publish","type":"post","link":"https:\/\/revistazetta.com\/?p=33595","title":{"rendered":"Los municipios son la oficina de Vicente Blel"},"content":{"rendered":"<p>El gobernador de Bol\u00edvar, Vicente Blel Scaff, tiene el Despacho m\u00e1s extenso del pa\u00eds: todos los municipios del Departamento.<\/p>\n<p>\u201cBol\u00edvar Primero tiene que estar con la gente, en los territorios, y todos los funcionarios deben entenderlo as\u00ed\u201d, dijo el mandatario tras su primera visita oficial a Arjona, donde encabez\u00f3 una caravana de seguridad, verific\u00f3 las condiciones del hospital e inspeccion\u00f3 la variante Gambote.<\/p>\n<p>Blel dijo que desde Cantagallo hasta Santa Catalina, el gobierno departamental debe estar en sinton\u00eda con las comunidades, y armonizar sus competencias constitucionales con las de cada alcalde.<\/p>\n<p>Este criterio resulta de gran importancia para articular el plan de desarrollo que debe presentar a la Asamblea Departamental, donde la participaci\u00f3n de la gente es indispensable para priorizar proyectos.<\/p>\n<p>&nbsp;<\/p>\n<p><strong>Visita a Arjona<\/strong><\/p>\n<p>\u00abNo queremos que los habitantes del municipio de Arjona se tengan que estar desplazando hasta la ciudad capital para recibir servicios de salud m\u00e1s especializados, vamos a iniciar mesas de trabajo para que el hospital de este municipio pase a segundo nivel de complejidad\u00bb, manifest\u00f3 el Gobernador de Bol\u00edvar, Vicente Blel Scaff, durante un recorrido de inspecci\u00f3n en las instalaciones de la ESE Hospital Local.<\/p>\n<p>Durante el recorrido, el l\u00edder de Bol\u00edvar Primero tambi\u00e9n anunci\u00f3 la llegada de dos nuevas ambulancias para mejorar el servicio de atenci\u00f3n en situaciones de urgencia.<\/p>\n<p>\u00abLa salud es uno de los temas prioritarios que ten\u00edamos en la agenda el Gobernador y yo, estamos muy complacidos por la iniciativa que va a emprender para mejorar la calidad en prestaci\u00f3n de los servicios de salud para los arjoneros\u00bb, dijo Isa\u00edas Simancas, Alcalde del Municipio de Arjona.<\/p>\n<p>Actualmente, la ESE Hospital Local de Arjona presta sus servicios en la cabecera municipal, el CAB Cruz, CAB Brisas y CAB Central y en los corregimientos de Rocha, Sincerin, Gambote y Puerto Badel.<\/p>\n<p>&nbsp;<\/p>\n<p><strong>Seguridad para el norte del Departamento<\/strong><\/p>\n<p>El Gobernador de Bol\u00edvar, Vicente Blel Scaff, realiz\u00f3\u00a0 la primera Caravana por la Seguridad Ciudadana en el municipio de Arjona,\u00a0 con el objetivo de trazar un plan interinstitucional que incluya a las distintas autoridades del departamento, pero sobre todo que refuerce el tejido social de las comunidades que m\u00e1s lo necesitan.<\/p>\n<p>\u00abEmpezamos el a\u00f1o garantizando la seguridad que este municipio requiere, necesitamos que nuestros habitantes bolivarenses se sientan seguros, pero adem\u00e1s sabemos que esto no es un trabajo solo de la fuerza p\u00fablica, por ello, vinimos tambi\u00e9n con toda nuestra oferta institucional para reconstruir el tejido social que incluye acabar con los delitos que tanto afectan a nuestras comunidades\u00bb, expres\u00f3 el Gobernador de Bol\u00edvar, Vicente Blel Scaff, durante el recorrido por los distintos barrios del municipio.<\/p>\n<p>Dentro de las primeras acciones que solicit\u00f3 el Gobernador de Bol\u00edvar a las autoridades, se encuentra aumentar el pie de fuerza y la presencia policiva en aquellos barrios de mayor vulnerabilidad por la presencia de redes de micro tr\u00e1fico y narcomenudeo.<\/p>\n<p>\u00abPusimos en marcha el plan de trabajo que nos encomend\u00f3 el Gobernador de Bol\u00edvar, quien ha dado instrucciones espec\u00edficas para realizar un trabajo integral, no s\u00f3lo en el municipio de Arjona, sino en todo el Departamento, donde ya se han visto los primeros resultados con varias capturas por delitos relacionados con porte ilegal de armas y micro tr\u00e1fico\u00bb, asegur\u00f3 el Coronel de la Polic\u00eda Departamental, \u00d3scar Lamprea.<\/p>\n<p>La Caravana de Seguridad cont\u00f3 con el trabajo coordinado del Gobernador de Bol\u00edvar, la Polic\u00eda Departamental, la Secretar\u00eda de Interior, Migraci\u00f3n Colombia, la Armada Nacional, la Fiscalia, la Personer\u00eda y el CTI, quienes desplegaron el plan de acci\u00f3n en compa\u00f1\u00eda de l\u00edderes c\u00edvicos.<\/p>\n<p>\u00abEstamos muy tranquilos por la presencia del Gobernador en el barrio, la verdad es que lo necesit\u00e1bamos, para nosotros fue una sorpresa verlo aqu\u00ed y nos llena de mucha alegr\u00eda que est\u00e9 interesado en nuestras necesidades y problemas, nosotros vamos a trabajar con \u00e9l, unidos para sacar adelante a nuestros ni\u00f1os y j\u00f3venes\u00bb, dijo Betsaida Mar\u00eda Le\u00f3n, l\u00edder del barrio Sue\u00f1os de Libertad del municipio de Arjona.<\/p>\n<p>La estrategia de las Caravanas por la Seguridad Ciudadana continuar\u00e1n realizandose en los distintos municipios del Departamento, con el objetivo de brindar a todos los bolivarenses un territorio seguro y en paz.<\/p>\n","protected":false},"excerpt":{"rendered":"<p>El gobernador de Bol\u00edvar, Vicente Blel Scaff, tiene el Despacho m\u00e1s extenso del pa\u00eds: todos los municipios del Departamento. \u201cBol\u00edvar Primero tiene que estar con la gente, en los territorios, y todos los funcionarios deben entenderlo as\u00ed\u201d, dijo el mandatario tras su primera visita oficial a Arjona, donde encabez\u00f3 una caravana de seguridad, verific\u00f3 las condiciones del hospital e inspeccion\u00f3 la variante Gambote. Blel dijo que desde Cantagallo hasta Santa Catalina, el gobierno departamental debe estar en sinton\u00eda con las comunidades, y armonizar sus competencias constitucionales con las de cada&#8230; <\/p>\n","protected":false},"author":3,"featured_media":33596,"comment_status":"closed","ping_status":"closed","sticky":false,"template":"","format":"standard","meta":{"footnotes":"","_links_to":"","_links_to_target":""},"categories":[75,33,80],"tags":[],"class_list":["post-33595","post","type-post","status-publish","format-standard","has-post-thumbnail","hentry","category-destacada","category-actualidad-bolivar","category-region"],"_links":{"self":[{"href":"https:\/\/revistazetta.com\/index.php?rest_route=\/wp\/v2\/posts\/33595","targetHints":{"allow":["GET"]}}],"collection":[{"href":"https:\/\/revistazetta.com\/index.php?rest_route=\/wp\/v2\/posts"}],"about":[{"href":"https:\/\/revistazetta.com\/index.php?rest_route=\/wp\/v2\/types\/post"}],"author":[{"embeddable":true,"href":"https:\/\/revistazetta.com\/index.php?rest_route=\/wp\/v2\/users\/3"}],"replies":[{"embeddable":true,"href":"https:\/\/revistazetta.com\/index.php?rest_route=%2Fwp%2Fv2%2Fcomments&post=33595"}],"version-history":[{"count":0,"href":"https:\/\/revistazetta.com\/index.php?rest_route=\/wp\/v2\/posts\/33595\/revisions"}],"wp:featuredmedia":[{"embeddable":true,"href":"https:\/\/revistazetta.com\/index.php?rest_route=\/wp\/v2\/media\/33596"}],"wp:attachment":[{"href":"https:\/\/revistazetta.com\/index.php?rest_route=%2Fwp%2Fv2%2Fmedia&parent=33595"}],"wp:term":[{"taxonomy":"category","embeddable":true,"href":"https:\/\/revistazetta.com\/index.php?rest_route=%2Fwp%2Fv2%2Fcategories&post=33595"},{"taxonomy":"post_tag","embeddable":true,"href":"https:\/\/revistazetta.com\/index.php?rest_route=%2Fwp%2Fv2%2Ftags&post=33595"}],"curies":[{"name":"wp","href":"https:\/\/api.w.org\/{rel}","templated":true}]}}