{"id":33607,"date":"2020-01-07T17:33:40","date_gmt":"2020-01-07T22:33:40","guid":{"rendered":"http:\/\/www.revistazetta.com\/?p=33607"},"modified":"2020-03-29T18:55:03","modified_gmt":"2020-03-29T23:55:03","slug":"vicepresidenta-ve-frutos-donde-dau-vio-desierto","status":"publish","type":"post","link":"https:\/\/revistazetta.com\/?p=33607","title":{"rendered":"Vicepresidenta ve frutos donde Dau vio desierto"},"content":{"rendered":"<div>A diferencia del informe de empalme del Alcalde Dau, que pint\u00f3 un panorama muy oscuro de la administraci\u00f3n que recibi\u00f3, la vicepresidenta Marta Luc\u00eda Ram\u00edrez anot\u00f3 los logros obtenidos en el acompa\u00f1amiento de 15 meses a la gesti\u00f3n del ahora exalcalde Pedrito Pereira.<\/div>\n<div><\/div>\n<div>El Presidente Iv\u00e1n Duque recibi\u00f3 de manos de la Vicepresidente, Marta Luc\u00eda Ram\u00edrez, el informe de entrega de la veedur\u00eda y supervisi\u00f3n encomendada durante 15 meses, donde destaca importantes acciones y avances en materia de seguridad, protecci\u00f3n costera, fortalecimiento institucional, vivienda, transporte, turismo e infraestructura deportiva, adem\u00e1s de la hoja de ruta establecida en el \u201cPacto por Cartagena\u201d que busca llevar a la ciudad a un desarrollo sostenible, incluyente, en el que se consolide el crecimiento, la generaci\u00f3n de empleos y el manejo eficiente y transparente de la gesti\u00f3n p\u00fablica para acabar la pobreza y potenciar a Cartagena a nivel internacional.<\/div>\n<div><\/div>\n<div>La Vicepresidente hace \u00e9nfasis en que la ciudad requiere una estrategia de largo plazo que trascienda el per\u00edodo de una o dos administraciones, por ello, -se\u00f1al\u00f3- \u201cconvoqu\u00e9 a los l\u00edderes sociales empresariales, institucionales y pol\u00edticos de la ciudad a trabajar en un plan estrat\u00e9gico para lograr la Cartagena que rechace la corrupci\u00f3n y en el 2033 que cumple 500 a\u00f1os de fundada,\u00a0 alcance el pleno empleo, sin pobreza extrema y pobreza monetaria por debajo del 10%.<\/div>\n<div><\/div>\n<div>Al relacionar una a una las fases del Pacto por Cartagena, reiter\u00f3 su llamado para que acad\u00e9micos, actores c\u00edvicos y empresariales, ciudadan\u00eda en general, y, clase pol\u00edtica de la ciudad, acompa\u00f1en en el mediano y largo plazo acciones que dieron inicio con esta Hoja de Ruta, para direccionar a la ciudad hacia el desarrollo sostenible, con correctivos a los problemas estructurales.<\/div>\n<div><\/div>\n<div>Uno de los importantes proyectos que avanz\u00f3 ha sido la restauraci\u00f3n del Canal del Dique, que adelant\u00f3 la identificaci\u00f3n de alternativas que aseguren el cierre financiero de la fase 3 del proyecto para pasar a la ejecuci\u00f3n de las obras requeridas.<\/div>\n<div><\/div>\n<div>Por solicitud de la Vicepresidente, el Concejo de la ciudad aprob\u00f3 en septiembre pasado, la destinaci\u00f3n del 50% de las contraprestaciones portuarias que recibe el Distrito Tur\u00edstico, como fuente de financiamiento para este trascendental proyecto. Las gobernaciones de Atl\u00e1ntico, Bol\u00edvar y Sucre aportar\u00e1n al proyecto recursos provenientes de las regal\u00edas.<\/div>\n<div><\/div>\n<div>La Alta funcionaria, se\u00f1al\u00f3, adem\u00e1s, avances del Proyecto de Protecci\u00f3n Costera en el que se logr\u00f3 la inversi\u00f3n, en la fase I, de $160 mil millones de pesos, de los cuales el Gobierno Nacional aprob\u00f3 $100 mil millones de pesos con vigencias futuras 2019 y 2020, y el Distrito puso los $60 mil millones restantes.<\/div>\n<div><\/div>\n<div>Se reforz\u00f3 el pie de fuerza con 200 nuevos hombres de la Polic\u00eda Metropolitana; adicionalmente se puso en marcha el Primer Distrito de Polic\u00eda Tur\u00edstica e Hist\u00f3rico del pa\u00eds que cuenta con 457 integrantes, quienes concentran sus esfuerzos en la seguridad de los habitantes y turistas de la ciudad, y est\u00e1n adscritos a las estaciones de polic\u00eda de Bocagrande, Centro Hist\u00f3rico y Aeropuerto Rafael N\u00fa\u00f1ez.<\/div>\n<div><\/div>\n<div>Otro de los logros, es la caracterizaci\u00f3n de los vendedores ambulantes y dem\u00e1s operadores tur\u00edsticos de la ciudad, con quienes se est\u00e1 desarrollando un programa de capacitaci\u00f3n en cooperativismo. Se ha avanzado en la puesta en funcionamiento de dos cooperativas: Coopalenqueras y Cooafromasajistas de la Boquilla, con un total de 140 mujeres capacitadas y certificadas en el proceso.<\/div>\n<div><\/div>\n<div>En este mismo periodo fue certificado como \u201cPlaya Bandera Azul\u201d el sector de La Boquilla. Ya se inici\u00f3 el proceso para que en el 2020 la zona de Marbella tenga el mismo distintivo.<\/div>\n<div><\/div>\n<div>Se implement\u00f3 el programa &#8216;Casa Digna. Vida Digna&#8217; en un trabajo articulado con la Alcald\u00eda, FINDETER y el Ministerio de Vivienda. Cartagena se convirti\u00f3 en prioridad e inici\u00f3 la construcci\u00f3n de 2.000 nuevas viviendas y mejoramientos para otras 2.000.<\/div>\n<div><\/div>\n<div>En cuanto al mejoramiento del Sistema de transporte TransCaribe, se incorporaron m\u00e1s de 200 nuevos buses y la apertura de 5 nuevas rutas pretroncales y 5 alimentadoras. Gracias a la gesti\u00f3n de la ministra de Transporte, \u00c1ngela Mar\u00eda Orozco G\u00f3mez; el viceministro de Transporte, Juan Camilo Ostos, se logr\u00f3 que la ANLA excluyera el impuesto de IVA en la compra de estos buses, generando un ahorro de $16 mil millones.<\/div>\n<div><\/div>\n<div>La Vicepresidente reitera en su informe su gratitud por la confianza depositada en sus manos por parte del Jefe de Estado para ejercer la labor de veedur\u00eda y supervisi\u00f3n y solicit\u00f3 que \u201cque el Gobierno Nacional se mantenga con la misma disposici\u00f3n de acompa\u00f1ar integralmente al Alcalde William Dau en beneficio de la ciudad y los Cartageneros\u201d.<\/div>\n<p>Este es el informe:<\/p>\n<p><a href=\"https:\/\/es.scribd.com\/document\/442056189\/Memorando-A-Presidente-FIRMADO-FINAL-ULTIMO-Gestion-Cartagena\" target=\"_blank\" rel=\"noopener\">https:\/\/es.scribd.com\/document\/442056189\/Memorando-A-Presidente-FIRMADO-FINAL-ULTIMO-Gestion-Cartagena<\/a><\/p>\n","protected":false},"excerpt":{"rendered":"<p>A diferencia del informe de empalme del Alcalde Dau, que pint\u00f3 un panorama muy oscuro de la administraci\u00f3n que recibi\u00f3, la vicepresidenta Marta Luc\u00eda Ram\u00edrez anot\u00f3 los logros obtenidos en el acompa\u00f1amiento de 15 meses a la gesti\u00f3n del ahora exalcalde Pedrito Pereira. El Presidente Iv\u00e1n Duque recibi\u00f3 de manos de la Vicepresidente, Marta Luc\u00eda Ram\u00edrez, el informe de entrega de la veedur\u00eda y supervisi\u00f3n encomendada durante 15 meses, donde destaca importantes acciones y avances en materia de seguridad, protecci\u00f3n costera, fortalecimiento institucional, vivienda, transporte, turismo e infraestructura deportiva, adem\u00e1s&#8230; <\/p>\n","protected":false},"author":3,"featured_media":33611,"comment_status":"closed","ping_status":"closed","sticky":false,"template":"","format":"standard","meta":{"footnotes":"","_links_to":"","_links_to_target":""},"categories":[75,32],"tags":[],"class_list":["post-33607","post","type-post","status-publish","format-standard","has-post-thumbnail","hentry","category-destacada","category-actualidad-distrito"],"_links":{"self":[{"href":"https:\/\/revistazetta.com\/index.php?rest_route=\/wp\/v2\/posts\/33607","targetHints":{"allow":["GET"]}}],"collection":[{"href":"https:\/\/revistazetta.com\/index.php?rest_route=\/wp\/v2\/posts"}],"about":[{"href":"https:\/\/revistazetta.com\/index.php?rest_route=\/wp\/v2\/types\/post"}],"author":[{"embeddable":true,"href":"https:\/\/revistazetta.com\/index.php?rest_route=\/wp\/v2\/users\/3"}],"replies":[{"embeddable":true,"href":"https:\/\/revistazetta.com\/index.php?rest_route=%2Fwp%2Fv2%2Fcomments&post=33607"}],"version-history":[{"count":0,"href":"https:\/\/revistazetta.com\/index.php?rest_route=\/wp\/v2\/posts\/33607\/revisions"}],"wp:featuredmedia":[{"embeddable":true,"href":"https:\/\/revistazetta.com\/index.php?rest_route=\/wp\/v2\/media\/33611"}],"wp:attachment":[{"href":"https:\/\/revistazetta.com\/index.php?rest_route=%2Fwp%2Fv2%2Fmedia&parent=33607"}],"wp:term":[{"taxonomy":"category","embeddable":true,"href":"https:\/\/revistazetta.com\/index.php?rest_route=%2Fwp%2Fv2%2Fcategories&post=33607"},{"taxonomy":"post_tag","embeddable":true,"href":"https:\/\/revistazetta.com\/index.php?rest_route=%2Fwp%2Fv2%2Ftags&post=33607"}],"curies":[{"name":"wp","href":"https:\/\/api.w.org\/{rel}","templated":true}]}}