{"id":33640,"date":"2020-01-11T09:14:24","date_gmt":"2020-01-11T14:14:24","guid":{"rendered":"http:\/\/www.revistazetta.com\/?p=33640"},"modified":"2020-03-29T18:55:03","modified_gmt":"2020-03-29T23:55:03","slug":"equipo-humano-de-bolivar-con-enfasis-en-juventud-y-apoyo-de-funcion-publica","status":"publish","type":"post","link":"https:\/\/revistazetta.com\/?p=33640","title":{"rendered":"Equipo humano de Bol\u00edvar, con \u00e9nfasis en juventud y apoyo de Funci\u00f3n P\u00fablica"},"content":{"rendered":"<p>La Gobernaci\u00f3n de Bol\u00edvar, en cabeza del Gobernador Vicente Blel Scaff, firm\u00f3 este viernes un convenio interadministrativo con el director nacional del Departamento Administrativo de la Funci\u00f3n P\u00fablica, Fernando Grillo Rubiano, para oficializar el acompa\u00f1amiento que desde el primero de enero brinda su entidad en la escogencia del equipo humano del \u00abBol\u00edvar Primero\u00bb.<\/p>\n<p>Con la firma de este convenio, la Administraci\u00f3n Departamental busca, a trav\u00e9s de la Funci\u00f3n P\u00fablica, que la escogencia de los profesionales que integrar\u00e1n el gobierno, desde directivos, subdirectivos y hasta el personal de apoyo a la gesti\u00f3n, sean los m\u00e1s capacitados y los mejores.<\/p>\n<p>Este acompa\u00f1amiento comprende desde el fortalecimiento de la Administraci\u00f3n Departamental en relaci\u00f3n con la estructura institucional, planta de personal, manuales de funciones, hasta competencias laborales.<\/p>\n<p>El Gobernador Vicente Blel Scaff precis\u00f3 que con la firma de este convenio se ratifica el compromiso de su gobierno para escoger su capital humano bajo los criterios de transparencia y excelencia.<\/p>\n<p>\u00abAgradacerle a esta entidad que desde el primer d\u00eda de esta administraci\u00f3n nos ha hecho un acompa\u00f1amiento permanente en la escogencia del equipo, desde los secretarios hasta los profesionales de apoyo a la gesti\u00f3n\u00bb, apunt\u00f3 el mandatario.<\/p>\n<p>Por su parte, el director de Funci\u00f3n P\u00fablica, Fernando Grillo, se\u00f1al\u00f3 que \u00abes importante destacar que el gobierno de Bol\u00edvar ha escogido a cada uno de sus gerentes p\u00fablicos a trav\u00e9s de la firma de cazatalentos de la Funci\u00f3n P\u00fablica, lo que garantiza que se han escogido a los mejores, por medio de un proceso de meritocracia\u00bb.<\/p>\n<p>Durante esta firma, el mandatario departamental asegur\u00f3 que la Funci\u00f3n P\u00fablica tambi\u00e9n lo acompa\u00f1ar\u00e1 en la escogencia de los j\u00f3venes profesionales sin experecia laboral que har\u00e1n parte de su gobierno, para cumplir as\u00ed su promesa de ser un gobierno de grandes oportunidades para los j\u00f3venes bolivarenses.<\/p>\n","protected":false},"excerpt":{"rendered":"<p>La Gobernaci\u00f3n de Bol\u00edvar, en cabeza del Gobernador Vicente Blel Scaff, firm\u00f3 este viernes un convenio interadministrativo con el director nacional del Departamento Administrativo de la Funci\u00f3n P\u00fablica, Fernando Grillo Rubiano, para oficializar el acompa\u00f1amiento que desde el primero de enero brinda su entidad en la escogencia del equipo humano del \u00abBol\u00edvar Primero\u00bb. Con la firma de este convenio, la Administraci\u00f3n Departamental busca, a trav\u00e9s de la Funci\u00f3n P\u00fablica, que la escogencia de los profesionales que integrar\u00e1n el gobierno, desde directivos, subdirectivos y hasta el personal de apoyo a la&#8230; <\/p>\n","protected":false},"author":3,"featured_media":33638,"comment_status":"closed","ping_status":"closed","sticky":false,"template":"","format":"standard","meta":{"footnotes":"","_links_to":"","_links_to_target":""},"categories":[75,80],"tags":[],"class_list":["post-33640","post","type-post","status-publish","format-standard","has-post-thumbnail","hentry","category-destacada","category-region"],"_links":{"self":[{"href":"https:\/\/revistazetta.com\/index.php?rest_route=\/wp\/v2\/posts\/33640","targetHints":{"allow":["GET"]}}],"collection":[{"href":"https:\/\/revistazetta.com\/index.php?rest_route=\/wp\/v2\/posts"}],"about":[{"href":"https:\/\/revistazetta.com\/index.php?rest_route=\/wp\/v2\/types\/post"}],"author":[{"embeddable":true,"href":"https:\/\/revistazetta.com\/index.php?rest_route=\/wp\/v2\/users\/3"}],"replies":[{"embeddable":true,"href":"https:\/\/revistazetta.com\/index.php?rest_route=%2Fwp%2Fv2%2Fcomments&post=33640"}],"version-history":[{"count":0,"href":"https:\/\/revistazetta.com\/index.php?rest_route=\/wp\/v2\/posts\/33640\/revisions"}],"wp:featuredmedia":[{"embeddable":true,"href":"https:\/\/revistazetta.com\/index.php?rest_route=\/wp\/v2\/media\/33638"}],"wp:attachment":[{"href":"https:\/\/revistazetta.com\/index.php?rest_route=%2Fwp%2Fv2%2Fmedia&parent=33640"}],"wp:term":[{"taxonomy":"category","embeddable":true,"href":"https:\/\/revistazetta.com\/index.php?rest_route=%2Fwp%2Fv2%2Fcategories&post=33640"},{"taxonomy":"post_tag","embeddable":true,"href":"https:\/\/revistazetta.com\/index.php?rest_route=%2Fwp%2Fv2%2Ftags&post=33640"}],"curies":[{"name":"wp","href":"https:\/\/api.w.org\/{rel}","templated":true}]}}