{"id":33642,"date":"2020-01-11T09:25:44","date_gmt":"2020-01-11T14:25:44","guid":{"rendered":"http:\/\/www.revistazetta.com\/?p=33642"},"modified":"2020-03-29T18:55:03","modified_gmt":"2020-03-29T23:55:03","slug":"33642","status":"publish","type":"post","link":"https:\/\/revistazetta.com\/?p=33642","title":{"rendered":"Dau otra vez se \u00abretracta\u00bb: Alcald\u00eda seguir\u00e1 manejando Monumentos"},"content":{"rendered":"<p>El alcalde William Dau rectific\u00f3 y dijo que Cartagena seguir\u00e1 al frente del manejo de nuestros monumentos, y no pasar\u00e1n al control directo del Ministerio de Cultura, como \u00e9l mismo lo dio a conocer.<\/p>\n<p>La primera informaci\u00f3n gener\u00f3 rechazo de ciudadanos, comunidades nativas de Tierrabomba, del sector tur\u00edstico y del Concejo de Cartagena, donde se citar\u00e1 a la directora de la Escuela Taller para que explique la situaci\u00f3n real del manejo institucional de los monumentos, como las murallas, el castillo de San Felipe y los fuertes de San Fernando y San Jos\u00e9 de Bocachica, ente otros.<\/p>\n<p>\u201cDesde la Administraci\u00f3n Distrital seguiremos administrando todo ese conjunto de fortificaciones que nos identifican ante el mundo, que nos hacen un atractivo patrimonial cultural e Hist\u00f3rico que nos ha valido el reconocimiento de la UNESCO \u201c precis\u00f3 el Alcalde Dau Chamatt.<\/p>\n","protected":false},"excerpt":{"rendered":"<p>El alcalde William Dau rectific\u00f3 y dijo que Cartagena seguir\u00e1 al frente del manejo de nuestros monumentos, y no pasar\u00e1n al control directo del Ministerio de Cultura, como \u00e9l mismo lo dio a conocer. La primera informaci\u00f3n gener\u00f3 rechazo de ciudadanos, comunidades nativas de Tierrabomba, del sector tur\u00edstico y del Concejo de Cartagena, donde se citar\u00e1 a la directora de la Escuela Taller para que explique la situaci\u00f3n real del manejo institucional de los monumentos, como las murallas, el castillo de San Felipe y los fuertes de San Fernando y&#8230; <\/p>\n","protected":false},"author":3,"featured_media":33636,"comment_status":"closed","ping_status":"closed","sticky":false,"template":"","format":"standard","meta":{"footnotes":"","_links_to":"","_links_to_target":""},"categories":[75,32],"tags":[],"class_list":["post-33642","post","type-post","status-publish","format-standard","has-post-thumbnail","hentry","category-destacada","category-actualidad-distrito"],"_links":{"self":[{"href":"https:\/\/revistazetta.com\/index.php?rest_route=\/wp\/v2\/posts\/33642","targetHints":{"allow":["GET"]}}],"collection":[{"href":"https:\/\/revistazetta.com\/index.php?rest_route=\/wp\/v2\/posts"}],"about":[{"href":"https:\/\/revistazetta.com\/index.php?rest_route=\/wp\/v2\/types\/post"}],"author":[{"embeddable":true,"href":"https:\/\/revistazetta.com\/index.php?rest_route=\/wp\/v2\/users\/3"}],"replies":[{"embeddable":true,"href":"https:\/\/revistazetta.com\/index.php?rest_route=%2Fwp%2Fv2%2Fcomments&post=33642"}],"version-history":[{"count":0,"href":"https:\/\/revistazetta.com\/index.php?rest_route=\/wp\/v2\/posts\/33642\/revisions"}],"wp:featuredmedia":[{"embeddable":true,"href":"https:\/\/revistazetta.com\/index.php?rest_route=\/wp\/v2\/media\/33636"}],"wp:attachment":[{"href":"https:\/\/revistazetta.com\/index.php?rest_route=%2Fwp%2Fv2%2Fmedia&parent=33642"}],"wp:term":[{"taxonomy":"category","embeddable":true,"href":"https:\/\/revistazetta.com\/index.php?rest_route=%2Fwp%2Fv2%2Fcategories&post=33642"},{"taxonomy":"post_tag","embeddable":true,"href":"https:\/\/revistazetta.com\/index.php?rest_route=%2Fwp%2Fv2%2Ftags&post=33642"}],"curies":[{"name":"wp","href":"https:\/\/api.w.org\/{rel}","templated":true}]}}