{"id":33643,"date":"2020-01-11T09:36:54","date_gmt":"2020-01-11T14:36:54","guid":{"rendered":"http:\/\/www.revistazetta.com\/?p=33643"},"modified":"2020-03-29T18:55:03","modified_gmt":"2020-03-29T23:55:03","slug":"secretario-del-interior-trata-de-ponerle-freno-a-desorden-acuatico-en-zona-insular","status":"publish","type":"post","link":"https:\/\/revistazetta.com\/?p=33643","title":{"rendered":"Secretario del Interior trata de ponerle freno a desorden acu\u00e1tico en zona Insular"},"content":{"rendered":"<p>El secretario del Interior y Convivencia Ciudadana del Distrito, David M\u00fanera Cavad\u00eda, dio a conocer que pondr\u00e1 en funcionamiento el Acuerdo 20 de 2016, que establece la creaci\u00f3n del Sistema de Seguridad, Salvamento y Rescate N\u00e1utico y Mar\u00edtimo en Cartagena.<\/p>\n<p>El anuncio lo hizo al terminar una reuni\u00f3n para analizar los hechos que se han presentado en los \u00faltimos d\u00edas relacionados con accidentes marinos en Cartagena, y a la que asistieron representantes de la Armada Nacional, Guardacostas, Dimar, Capitan\u00eda del Puerto, Polic\u00eda Nacional, Migraci\u00f3n Colombia, Procuradur\u00eda, Distriseguridad, Fiscal\u00eda, Corpoturismo y la Secretar\u00eda del Interior y Convivencia Ciudadana.<\/p>\n<p><img loading=\"lazy\" decoding=\"async\" class=\"size-medium wp-image-33645 alignright\" src=\"https:\/\/www.revistazetta.com\/wp-content\/uploads\/2020\/01\/Munera-sec-400x320.jpeg\" alt=\"\" width=\"400\" height=\"320\" srcset=\"https:\/\/revistazetta.com\/wp-content\/uploads\/2020\/01\/Munera-sec-400x320.jpeg 400w, https:\/\/revistazetta.com\/wp-content\/uploads\/2020\/01\/Munera-sec-183x146.jpeg 183w, https:\/\/revistazetta.com\/wp-content\/uploads\/2020\/01\/Munera-sec-50x40.jpeg 50w, https:\/\/revistazetta.com\/wp-content\/uploads\/2020\/01\/Munera-sec-94x75.jpeg 94w, https:\/\/revistazetta.com\/wp-content\/uploads\/2020\/01\/Munera-sec.jpeg 830w\" sizes=\"auto, (max-width: 400px) 100vw, 400px\" \/>\u201cEste comit\u00e9 trabaja por la protecci\u00f3n de los turistas y cartageneros para evitar la accidentalidad mar\u00edtima\u00a0que no puede seguir present\u00e1ndose\u201d, se\u00f1al\u00f3 el funcionario.<\/p>\n<p>El Secretario del Interior se\u00f1al\u00f3 que el alcalde William Dau Chamatt se reuni\u00f3 con el ministro de Comercio, Industria y Turismo, Jos\u00e9 Manuel Restrepo con el fin de trabajar en conjunto con los gremios por Cartagena y buscar que la ciudad mantenga su vocaci\u00f3n tur\u00edstica.<\/p>\n<p>Dijo que se han presentado algunas situaciones con Parques Nacionales, pero que se debe trabajar para que esta entidad pueda cumplir con sus compromisos.<\/p>\n<p>Sostuvo adem\u00e1s que se debe lograr la se\u00f1alizaci\u00f3n de todas las playas del Distrito con el fin de garantizar la seguridad tanto de cartageneros y visitantes que acuden a las mismas.<\/p>\n<p>\u201cNecesitamos trabajar para darle un orden a todo el plan de seguridad en la ciudad. Esto es muy serio\u201d, puntualiz\u00f3 M\u00fanera Cavad\u00eda.<\/p>\n<p>A\u00f1adi\u00f3 que se debe conformar una comisi\u00f3n interinstitucional permanente que se re\u00fana para vigilar, analizar, definir y prevenir acciones que afecten a la ciudad tur\u00edsticamnete.<\/p>\n<p>Hablan las autoridades<\/p>\n<p>En el encuentro, considerado como de suma urgencia, cada uno de los integrantes intervino y dio a conocer las acciones que han desarrollado en la temporada de final y comienzo de a\u00f1o nuevo.<\/p>\n<p>Tanto Capitan\u00eda del Puerto como Guardacostas entregaron un r\u00e1pido informe del Plan de Seguridad Que se dise\u00f1o el a\u00f1o anterior para enfrentar la temporada tur\u00edstica.<\/p>\n<p>As\u00ed mismo, Guardacostas pidi\u00f3 una mejor articulaci\u00f3n en cuanto a informaci\u00f3n respecto a los casos o incidentes que se presenten, as\u00ed como conocer y tener plenamente identificadas y referenciadas todas las playas que hacen parte de Cartagena y su zona insular, debido a que hay nuevos espacios que est\u00e1n siendo visitados por turistas y cartageneros.<\/p>\n<p>La capitan\u00eda de Puerto tambi\u00e9n pidi\u00f3 que se pueda hacer una inversi\u00f3n en la se\u00f1alizaci\u00f3n de todas las playas, tal como sucedi\u00f3 con Plaza Azul en el corregimiento de La Boquilla.<\/p>\n<p>Por su parte, la Polic\u00eda Metropolitana de Cartagena se\u00f1al\u00f3 que ha venido trabajando en el Plan de Seguridad dise\u00f1ado para esta temporada y que envi\u00f3 personal para garantizar la seguridad en la zona insular de la ciudad.<\/p>\n<p>El representante de la Procuradur\u00eda General de la Naci\u00f3n pidi\u00f3 informaci\u00f3n detallada de los compromisos de todas las autoridades con el fin de conocer cu\u00e1les son sus responsabilidades y si se cumplen.<\/p>\n<p>Para Distriseguridad, uno de los aspectos m\u00e1s importantes es poder lograr la vinculaci\u00f3n del grupo de Salvavidas a la n\u00f3mina del Distrito. As\u00ed mismo, se debe seguir trabajando en el ordenamiento de playas y nuevos proyectos como Playa Azul.<\/p>\n<p>El vocero de la Fiscal\u00eda mostr\u00f3 su preocupaci\u00f3n por los hechos que han ocurrido y que afectan a los turistas. Se refiri\u00f3 a casos distintos a los accidentes marinos. Hizo menci\u00f3n del hurto del que fueron v\u00edctimas 21 turistas al volcarse la embarcaci\u00f3n en la que viajaban entre Choloncito y Cartagena.<\/p>\n<p>Corpoturismo se\u00f1al\u00f3 que se deben adelantar acciones que permitan frenar los hechos que vienen ocurriendo y que son dados a conocer por los medios de comunicaci\u00f3n. As\u00ed mismo, destac\u00f3 que se viene trabajando con los Centros de Atenci\u00f3n al Turista (CAT).<\/p>\n<p>Pidi\u00f3 que se haga un trabajo que permita identificar a los prestadores de servicios tur\u00edsticos que operan de manera informal, que vienen afectando la imagen del turismo local.<br \/>\nIrvin P\u00e9rez, presidente Ejecutivo de la Corporaci\u00f3n de Turismo, se\u00f1al\u00f3 que se debe hacer un ejercicio de autoridad con contundencia. \u201cNo se puede seguir afectando a la industria del turismo en Cartagena\u201d, puntualiz\u00f3.<\/p>\n","protected":false},"excerpt":{"rendered":"<p>El secretario del Interior y Convivencia Ciudadana del Distrito, David M\u00fanera Cavad\u00eda, dio a conocer que pondr\u00e1 en funcionamiento el Acuerdo 20 de 2016, que establece la creaci\u00f3n del Sistema de Seguridad, Salvamento y Rescate N\u00e1utico y Mar\u00edtimo en Cartagena. El anuncio lo hizo al terminar una reuni\u00f3n para analizar los hechos que se han presentado en los \u00faltimos d\u00edas relacionados con accidentes marinos en Cartagena, y a la que asistieron representantes de la Armada Nacional, Guardacostas, Dimar, Capitan\u00eda del Puerto, Polic\u00eda Nacional, Migraci\u00f3n Colombia, Procuradur\u00eda, Distriseguridad, Fiscal\u00eda, Corpoturismo y&#8230; <\/p>\n","protected":false},"author":3,"featured_media":33644,"comment_status":"closed","ping_status":"closed","sticky":false,"template":"","format":"standard","meta":{"footnotes":"","_links_to":"","_links_to_target":""},"categories":[75,32],"tags":[],"class_list":["post-33643","post","type-post","status-publish","format-standard","has-post-thumbnail","hentry","category-destacada","category-actualidad-distrito"],"_links":{"self":[{"href":"https:\/\/revistazetta.com\/index.php?rest_route=\/wp\/v2\/posts\/33643","targetHints":{"allow":["GET"]}}],"collection":[{"href":"https:\/\/revistazetta.com\/index.php?rest_route=\/wp\/v2\/posts"}],"about":[{"href":"https:\/\/revistazetta.com\/index.php?rest_route=\/wp\/v2\/types\/post"}],"author":[{"embeddable":true,"href":"https:\/\/revistazetta.com\/index.php?rest_route=\/wp\/v2\/users\/3"}],"replies":[{"embeddable":true,"href":"https:\/\/revistazetta.com\/index.php?rest_route=%2Fwp%2Fv2%2Fcomments&post=33643"}],"version-history":[{"count":0,"href":"https:\/\/revistazetta.com\/index.php?rest_route=\/wp\/v2\/posts\/33643\/revisions"}],"wp:featuredmedia":[{"embeddable":true,"href":"https:\/\/revistazetta.com\/index.php?rest_route=\/wp\/v2\/media\/33644"}],"wp:attachment":[{"href":"https:\/\/revistazetta.com\/index.php?rest_route=%2Fwp%2Fv2%2Fmedia&parent=33643"}],"wp:term":[{"taxonomy":"category","embeddable":true,"href":"https:\/\/revistazetta.com\/index.php?rest_route=%2Fwp%2Fv2%2Fcategories&post=33643"},{"taxonomy":"post_tag","embeddable":true,"href":"https:\/\/revistazetta.com\/index.php?rest_route=%2Fwp%2Fv2%2Ftags&post=33643"}],"curies":[{"name":"wp","href":"https:\/\/api.w.org\/{rel}","templated":true}]}}