{"id":33651,"date":"2020-01-11T10:52:49","date_gmt":"2020-01-11T15:52:49","guid":{"rendered":"http:\/\/www.revistazetta.com\/?p=33651"},"modified":"2020-03-29T18:53:57","modified_gmt":"2020-03-29T23:53:57","slug":"ediles-de-magangue-tomaron-posesion","status":"publish","type":"post","link":"https:\/\/revistazetta.com\/?p=33651","title":{"rendered":"Ediles de Magangu\u00e9 tomaron posesi\u00f3n"},"content":{"rendered":"<div>Ante el alcalde de Magangu\u00e9, Carlos Cabrales Isacc, se posesionaron los ediles de las cinco comunas del casco urbano del municipio, los cuales trabajar\u00e1n de la mano del primer mandatario para generar desarrollo en cada una de las comunidades que representan.<\/div>\n<p><img loading=\"lazy\" decoding=\"async\" class=\"size-medium wp-image-33653 alignright\" src=\"https:\/\/www.revistazetta.com\/wp-content\/uploads\/2020\/01\/AlcMag-ediles-400x265.jpeg\" alt=\"\" width=\"400\" height=\"265\" srcset=\"https:\/\/revistazetta.com\/wp-content\/uploads\/2020\/01\/AlcMag-ediles-400x265.jpeg 400w, https:\/\/revistazetta.com\/wp-content\/uploads\/2020\/01\/AlcMag-ediles-1024x678.jpeg 1024w, https:\/\/revistazetta.com\/wp-content\/uploads\/2020\/01\/AlcMag-ediles-220x146.jpeg 220w, https:\/\/revistazetta.com\/wp-content\/uploads\/2020\/01\/AlcMag-ediles-50x33.jpeg 50w, https:\/\/revistazetta.com\/wp-content\/uploads\/2020\/01\/AlcMag-ediles-113x75.jpeg 113w, https:\/\/revistazetta.com\/wp-content\/uploads\/2020\/01\/AlcMag-ediles.jpeg 1232w\" sizes=\"auto, (max-width: 400px) 100vw, 400px\" \/>Durante el acto protocolario fueron posesionados 35 ediles, 7 por cada comuna. La instalaci\u00f3n estuvo presidida por el primer mandatario local, quien expres\u00f3 su deseo de trabajar con las Juntas Administradoras Locales, quienes a pesar del olvido en el que se han mantenido por Administraciones anteriores, como primer mandatario, les dar\u00e1 la importancia que se merecen, para construir junto a ellos la ciudad que sue\u00f1an los maganguele\u00f1os.<\/p>\n<p>As\u00ed mismo, inst\u00f3 a los ediles a trabajar cumpliendo con lo que establece la ley. \u201cQuiero que me acompa\u00f1en en la elaboraci\u00f3n del plan de desarrollo municipal, vienen proyectos importantes para Magangu\u00e9, y s\u00e9 de las m\u00faltiples necesidades que tenemos\u2026 vamos a trabajar en proyectos macros y pido la solidaridad de ustedes para poner un orden a Magangu\u00e9, sobre todo en temas de seguridad\u201d, indic\u00f3 Cabrales.<\/p>\n<p>Posteriormente se llev\u00f3 a cabo el acto de posesi\u00f3n y juramento de cada uno de los ediles. Silvia Escorcia, edil de la comuna cuatro, recibi\u00f3 la posesi\u00f3n con gratitud y record\u00f3 a sus compa\u00f1eros los compromisos que adquirieron con sus comunidades de trabajar en uni\u00f3n por el progreso de la ciudad.<\/p>\n<div>El evento cont\u00f3 con la asistencia de la Registradora Municipal, Jania Vanessa Campo Capera; el Secretario General y del Interior del Municipio, Manuel Isaac Valdelamar, y la Gestora Social, Jhovanna Barrientos Gonz\u00e1lez.<\/div>\n","protected":false},"excerpt":{"rendered":"<p>Ante el alcalde de Magangu\u00e9, Carlos Cabrales Isacc, se posesionaron los ediles de las cinco comunas del casco urbano del municipio, los cuales trabajar\u00e1n de la mano del primer mandatario para generar desarrollo en cada una de las comunidades que representan. Durante el acto protocolario fueron posesionados 35 ediles, 7 por cada comuna. La instalaci\u00f3n estuvo presidida por el primer mandatario local, quien expres\u00f3 su deseo de trabajar con las Juntas Administradoras Locales, quienes a pesar del olvido en el que se han mantenido por Administraciones anteriores, como primer mandatario,&#8230; <\/p>\n","protected":false},"author":3,"featured_media":33652,"comment_status":"closed","ping_status":"closed","sticky":false,"template":"","format":"standard","meta":{"footnotes":"","_links_to":"","_links_to_target":""},"categories":[75,83,80],"tags":[],"class_list":["post-33651","post","type-post","status-publish","format-standard","has-post-thumbnail","hentry","category-destacada","category-municipios","category-region"],"_links":{"self":[{"href":"https:\/\/revistazetta.com\/index.php?rest_route=\/wp\/v2\/posts\/33651","targetHints":{"allow":["GET"]}}],"collection":[{"href":"https:\/\/revistazetta.com\/index.php?rest_route=\/wp\/v2\/posts"}],"about":[{"href":"https:\/\/revistazetta.com\/index.php?rest_route=\/wp\/v2\/types\/post"}],"author":[{"embeddable":true,"href":"https:\/\/revistazetta.com\/index.php?rest_route=\/wp\/v2\/users\/3"}],"replies":[{"embeddable":true,"href":"https:\/\/revistazetta.com\/index.php?rest_route=%2Fwp%2Fv2%2Fcomments&post=33651"}],"version-history":[{"count":0,"href":"https:\/\/revistazetta.com\/index.php?rest_route=\/wp\/v2\/posts\/33651\/revisions"}],"wp:featuredmedia":[{"embeddable":true,"href":"https:\/\/revistazetta.com\/index.php?rest_route=\/wp\/v2\/media\/33652"}],"wp:attachment":[{"href":"https:\/\/revistazetta.com\/index.php?rest_route=%2Fwp%2Fv2%2Fmedia&parent=33651"}],"wp:term":[{"taxonomy":"category","embeddable":true,"href":"https:\/\/revistazetta.com\/index.php?rest_route=%2Fwp%2Fv2%2Fcategories&post=33651"},{"taxonomy":"post_tag","embeddable":true,"href":"https:\/\/revistazetta.com\/index.php?rest_route=%2Fwp%2Fv2%2Ftags&post=33651"}],"curies":[{"name":"wp","href":"https:\/\/api.w.org\/{rel}","templated":true}]}}