{"id":33667,"date":"2020-01-14T07:43:49","date_gmt":"2020-01-14T12:43:49","guid":{"rendered":"http:\/\/www.revistazetta.com\/?p=33667"},"modified":"2020-03-29T18:53:57","modified_gmt":"2020-03-29T23:53:57","slug":"33667","status":"publish","type":"post","link":"https:\/\/revistazetta.com\/?p=33667","title":{"rendered":"Al igual que Manolo, Dau acude a OPS para subsanar \u201capag\u00f3n\u201d de aseo y vigilancia"},"content":{"rendered":"<p>Cuatro a\u00f1os atr\u00e1s, similar situaci\u00f3n vivi\u00f3 la entonces entrante administraci\u00f3n de Manolo Duque: el gobierno saliente no le dej\u00f3 activada la vigilancia y el aseo de edificios administrativos y colegios.<\/p>\n<p>El gobierno de William Dau debe acudir ahora a la misma soluci\u00f3n temporal de hace cuatro a\u00f1os, las famosas \u00d3rdenes de Prestaci\u00f3n de Servicios -OPS-, mientras desarrolla el proceso licitatorio respectivo.<\/p>\n<p>Seg\u00fan Funcicar, el Distrito contratar\u00e1 700 OPS durante dos meses por un valor de $2.400 millones.<\/p>\n<p><img loading=\"lazy\" decoding=\"async\" class=\"alignnone wp-image-33668 size-large\" src=\"https:\/\/www.revistazetta.com\/wp-content\/uploads\/2020\/01\/OPS-Funcicar-790x1024.jpg\" alt=\"\" width=\"790\" height=\"1024\" srcset=\"https:\/\/revistazetta.com\/wp-content\/uploads\/2020\/01\/OPS-Funcicar-790x1024.jpg 790w, https:\/\/revistazetta.com\/wp-content\/uploads\/2020\/01\/OPS-Funcicar-308x400.jpg 308w, https:\/\/revistazetta.com\/wp-content\/uploads\/2020\/01\/OPS-Funcicar-113x146.jpg 113w, https:\/\/revistazetta.com\/wp-content\/uploads\/2020\/01\/OPS-Funcicar-39x50.jpg 39w, https:\/\/revistazetta.com\/wp-content\/uploads\/2020\/01\/OPS-Funcicar-58x75.jpg 58w, https:\/\/revistazetta.com\/wp-content\/uploads\/2020\/01\/OPS-Funcicar.jpg 987w\" sizes=\"auto, (max-width: 790px) 100vw, 790px\" \/><\/p>\n<p>&nbsp;<\/p>\n<p>Seg\u00fan la administraci\u00f3n distrital, a trav\u00e9s de la Secretar\u00eda de Educaci\u00f3n se ha dispuesto vincular mediante contratos de prestaci\u00f3n de servicios y de apoyo a la gesti\u00f3n, el personal m\u00ednimo requerido para garantizar la limpieza, cuidado y control de los bienes de las instituciones educativas oficiales del Distrito y, de esta manera, asegurar sin interrupci\u00f3n el servicio de educaci\u00f3n que prestan las instituciones oficiales del Distrito.<\/p>\n<p>\u00abLa situaci\u00f3n encontrada por esta administraci\u00f3n, de un servicio no contratado, con proyectos de pliegos de condiciones publicados, que han tenido considerables observaciones por parte de ciudadanos, veedores e interesados y con unos montos no acordes con los recursos apropiados, obliga a la administraci\u00f3n a realizar una revisi\u00f3n y an\u00e1lisis de fondo, con el prop\u00f3sito de contar con un pliego de condiciones ajustados al presupuesto apropiado para estos servicios, y con reglas claras, justas y completas, que garanticen la pluralidad de oferentes y una selecci\u00f3n objetiva\u00bb, se\u00f1al\u00f3 la secretaria general Diana Mart\u00ednez Berrocal.<\/p>\n<p>A su vez la Secretaria de Educaci\u00f3n, Olga Acosta Amell, invit\u00f3 a toda la comunidad educativa a contribuir en el proceso: \u00abEl sector educativo hist\u00f3ricamente ha venido padeciendo la desidia y la falta de planificaci\u00f3n que conduce a este caos de principio de a\u00f1o. Convoco a toda la comunidad educativa as\u00ed como a las Juntas de Acci\u00f3n Comunal y Asociaciones de Familia a cerrar filas de cooperaci\u00f3n y de amor, como siempre lo hemos hecho, porque hoy el horizonte que avisora es otro. Entre todos y todas lograremos prestar el servicio, confiando que todos nuestros padecimientos pasados ser\u00e1n superados y lograremos tener unas escuelas como merece nuestra comunidad\u00bb.<\/p>\n","protected":false},"excerpt":{"rendered":"<p>Cuatro a\u00f1os atr\u00e1s, similar situaci\u00f3n vivi\u00f3 la entonces entrante administraci\u00f3n de Manolo Duque: el gobierno saliente no le dej\u00f3 activada la vigilancia y el aseo de edificios administrativos y colegios. El gobierno de William Dau debe acudir ahora a la misma soluci\u00f3n temporal de hace cuatro a\u00f1os, las famosas \u00d3rdenes de Prestaci\u00f3n de Servicios -OPS-, mientras desarrolla el proceso licitatorio respectivo. Seg\u00fan Funcicar, el Distrito contratar\u00e1 700 OPS durante dos meses por un valor de $2.400 millones. &nbsp; Seg\u00fan la administraci\u00f3n distrital, a trav\u00e9s de la Secretar\u00eda de Educaci\u00f3n se&#8230; <\/p>\n","protected":false},"author":3,"featured_media":33669,"comment_status":"closed","ping_status":"closed","sticky":false,"template":"","format":"standard","meta":{"footnotes":"","_links_to":"","_links_to_target":""},"categories":[75,32],"tags":[],"class_list":["post-33667","post","type-post","status-publish","format-standard","has-post-thumbnail","hentry","category-destacada","category-actualidad-distrito"],"_links":{"self":[{"href":"https:\/\/revistazetta.com\/index.php?rest_route=\/wp\/v2\/posts\/33667","targetHints":{"allow":["GET"]}}],"collection":[{"href":"https:\/\/revistazetta.com\/index.php?rest_route=\/wp\/v2\/posts"}],"about":[{"href":"https:\/\/revistazetta.com\/index.php?rest_route=\/wp\/v2\/types\/post"}],"author":[{"embeddable":true,"href":"https:\/\/revistazetta.com\/index.php?rest_route=\/wp\/v2\/users\/3"}],"replies":[{"embeddable":true,"href":"https:\/\/revistazetta.com\/index.php?rest_route=%2Fwp%2Fv2%2Fcomments&post=33667"}],"version-history":[{"count":0,"href":"https:\/\/revistazetta.com\/index.php?rest_route=\/wp\/v2\/posts\/33667\/revisions"}],"wp:featuredmedia":[{"embeddable":true,"href":"https:\/\/revistazetta.com\/index.php?rest_route=\/wp\/v2\/media\/33669"}],"wp:attachment":[{"href":"https:\/\/revistazetta.com\/index.php?rest_route=%2Fwp%2Fv2%2Fmedia&parent=33667"}],"wp:term":[{"taxonomy":"category","embeddable":true,"href":"https:\/\/revistazetta.com\/index.php?rest_route=%2Fwp%2Fv2%2Fcategories&post=33667"},{"taxonomy":"post_tag","embeddable":true,"href":"https:\/\/revistazetta.com\/index.php?rest_route=%2Fwp%2Fv2%2Ftags&post=33667"}],"curies":[{"name":"wp","href":"https:\/\/api.w.org\/{rel}","templated":true}]}}