{"id":33673,"date":"2020-01-14T08:14:12","date_gmt":"2020-01-14T13:14:12","guid":{"rendered":"http:\/\/www.revistazetta.com\/?p=33673"},"modified":"2020-03-29T18:53:56","modified_gmt":"2020-03-29T23:53:56","slug":"convocatoria-publica-para-la-integracion-del-consejo-territorial-de-planeacion-municipal-de-magangue","status":"publish","type":"post","link":"https:\/\/revistazetta.com\/?p=33673","title":{"rendered":"Convocatoria p\u00fablica para la integraci\u00f3n del Consejo Territorial de Planeaci\u00f3n Municipal de Magangu\u00e9"},"content":{"rendered":"<p>La Alcald\u00eda Municipal de Magangu\u00e9 formul\u00f3 convocatoria p\u00fablica para la integraci\u00f3n del Consejo Territorial de Planeaci\u00f3n Municipal, por lo que hizo un llamado a las organizaciones sociales, gremiales y comunidad en general, a que participen de manera activa en la conformaci\u00f3n de las ternas para la designaci\u00f3n del consejo.<br \/>\nEste deber\u00e1 estar integrado por un representante de los gremios econ\u00f3micos, uno del sector social, uno educativo, cuatro representantes de las localidades rurales del municipio, un representante del sector ecol\u00f3gico, uno de organizaciones femeninas jur\u00eddicamente constituidas, un representante del sector pesquero, un represente del sector cultural, un representante de la juventudes.<br \/>\nLa presente convocatoria incluir\u00e1 la participaci\u00f3n de otros sectores, entre ellos se encuentran, un representante del sector \u00e9tnico e ind\u00edgena, otro de las asociaciones de discapacitados, uno de los estudiantes de secundaria, uno de los estudiantes universitarios, uno de la iglesia cat\u00f3lica, y uno de la iglesia evang\u00e9lica.<br \/>\nLas organizaciones sociales y gremiales, deber\u00e1n presentar su terna de candidatos para integrar el Consejo Territorial de Planeaci\u00f3n, instancia fundamental para incidir en el presente y futuro del municipio, no solo a trav\u00e9s de la formulaci\u00f3n, seguimiento, y evaluaci\u00f3n de los planes municipales, sino tambi\u00e9n en la promoci\u00f3n de la participaci\u00f3n ciudadana y en el control social a la gesti\u00f3n p\u00fablica.<br \/>\nLas ternas se deber\u00e1n presentar en el despacho de la Secretaria de Planeaci\u00f3n Municipal, por las organizaciones sociales y gremiales con personer\u00eda jur\u00eddica y de acuerdo al sector al que pertenece la respectiva organizaci\u00f3n, adem\u00e1s las ternas podr\u00e1n ser modificadas hasta por una vez o retiradas en cualquier momento antes del plazo que se\u00f1ale la convocatoria p\u00fablica para su cierre correspondiente.<br \/>\nCronograma de la convocatoria<br \/>\nApertura de la convocatoria: 13 de Enero de 2020. Primer aviso de convocatoria: 13 de Enero de 2020. Segundo aviso de convocatoria: 20 de Enero de 2020. Entrega de ternas: 27 de Enero de 2020. Modificaci\u00f3n de ternas o retiros: 28 de Enero de 2020. Cierre de convocatoria: 29 de Enero de 2020. Designaci\u00f3n: 30 de Enero de 2020. Oficializaci\u00f3n al CTP de los designados: 31 de Enero de 2020.<\/p>\n","protected":false},"excerpt":{"rendered":"<p>La Alcald\u00eda Municipal de Magangu\u00e9 formul\u00f3 convocatoria p\u00fablica para la integraci\u00f3n del Consejo Territorial de Planeaci\u00f3n Municipal, por lo que hizo un llamado a las organizaciones sociales, gremiales y comunidad en general, a que participen de manera activa en la conformaci\u00f3n de las ternas para la designaci\u00f3n del consejo. Este deber\u00e1 estar integrado por un representante de los gremios econ\u00f3micos, uno del sector social, uno educativo, cuatro representantes de las localidades rurales del municipio, un representante del sector ecol\u00f3gico, uno de organizaciones femeninas jur\u00eddicamente constituidas, un representante del sector pesquero,&#8230; <\/p>\n","protected":false},"author":3,"featured_media":0,"comment_status":"closed","ping_status":"closed","sticky":false,"template":"","format":"standard","meta":{"footnotes":"","_links_to":"","_links_to_target":""},"categories":[83,80],"tags":[],"class_list":["post-33673","post","type-post","status-publish","format-standard","hentry","category-municipios","category-region"],"_links":{"self":[{"href":"https:\/\/revistazetta.com\/index.php?rest_route=\/wp\/v2\/posts\/33673","targetHints":{"allow":["GET"]}}],"collection":[{"href":"https:\/\/revistazetta.com\/index.php?rest_route=\/wp\/v2\/posts"}],"about":[{"href":"https:\/\/revistazetta.com\/index.php?rest_route=\/wp\/v2\/types\/post"}],"author":[{"embeddable":true,"href":"https:\/\/revistazetta.com\/index.php?rest_route=\/wp\/v2\/users\/3"}],"replies":[{"embeddable":true,"href":"https:\/\/revistazetta.com\/index.php?rest_route=%2Fwp%2Fv2%2Fcomments&post=33673"}],"version-history":[{"count":0,"href":"https:\/\/revistazetta.com\/index.php?rest_route=\/wp\/v2\/posts\/33673\/revisions"}],"wp:attachment":[{"href":"https:\/\/revistazetta.com\/index.php?rest_route=%2Fwp%2Fv2%2Fmedia&parent=33673"}],"wp:term":[{"taxonomy":"category","embeddable":true,"href":"https:\/\/revistazetta.com\/index.php?rest_route=%2Fwp%2Fv2%2Fcategories&post=33673"},{"taxonomy":"post_tag","embeddable":true,"href":"https:\/\/revistazetta.com\/index.php?rest_route=%2Fwp%2Fv2%2Ftags&post=33673"}],"curies":[{"name":"wp","href":"https:\/\/api.w.org\/{rel}","templated":true}]}}