{"id":33679,"date":"2020-01-15T06:37:33","date_gmt":"2020-01-15T11:37:33","guid":{"rendered":"http:\/\/www.revistazetta.com\/?p=33679"},"modified":"2020-03-29T18:53:56","modified_gmt":"2020-03-29T23:53:56","slug":"estrategias-para-la-mujer-desde-el-bolivar-primero","status":"publish","type":"post","link":"https:\/\/revistazetta.com\/?p=33679","title":{"rendered":"Estrategias para la Mujer desde el Bol\u00edvar Primero"},"content":{"rendered":"<div id=\"attachment_33682\" style=\"width: 1034px\" class=\"wp-caption aligncenter\"><img loading=\"lazy\" decoding=\"async\" aria-describedby=\"caption-attachment-33682\" class=\"wp-image-33682 size-large\" src=\"https:\/\/www.revistazetta.com\/wp-content\/uploads\/2020\/01\/Primera-3-1024x684.jpeg\" alt=\"\" width=\"1024\" height=\"684\" srcset=\"https:\/\/revistazetta.com\/wp-content\/uploads\/2020\/01\/Primera-3-1024x684.jpeg 1024w, https:\/\/revistazetta.com\/wp-content\/uploads\/2020\/01\/Primera-3-400x267.jpeg 400w, https:\/\/revistazetta.com\/wp-content\/uploads\/2020\/01\/Primera-3-219x146.jpeg 219w, https:\/\/revistazetta.com\/wp-content\/uploads\/2020\/01\/Primera-3-50x33.jpeg 50w, https:\/\/revistazetta.com\/wp-content\/uploads\/2020\/01\/Primera-3-112x75.jpeg 112w, https:\/\/revistazetta.com\/wp-content\/uploads\/2020\/01\/Primera-3.jpeg 1280w\" sizes=\"auto, (max-width: 1024px) 100vw, 1024px\" \/><p id=\"caption-attachment-33682\" class=\"wp-caption-text\">Natalia Eljach, Primera Dama de Bol\u00edvar.<\/p><\/div>\n<p>&nbsp;<\/p>\n<p>Con apoyo de la Secretar\u00eda de la Mujer, la Gobernaci\u00f3n de Bol\u00edvar lidera un plan de asesoramiento para la creaci\u00f3n de las Oficinas de la Mujer en los diferentes municipios del departamento.<\/p>\n<p>En mesas de trabajo con gestoras sociales Katia Acosta, del municipio de Mahates, Jhovana Barrientos de Magangu\u00e9, y Greicy Torres de El Carmen de Bol\u00edvar, se empez\u00f3 esta labor encaminada a optimizar el trabajo para la atenci\u00f3n a ni\u00f1os, ni\u00f1as, adolescentes y adultos mayores.<\/p>\n<p>Desde el gobierno departamental se espera que los gestores sociales de todo el territorio acepten la invitaci\u00f3n a trabajar en equipo y que estos encuentros se sigan realizando para poner en marcha un plan de acci\u00f3n fuerte y robusto en beneficio de los bolivarenses.<\/p>\n<p>\u00abQuiero invitar a todas las gestoras y gestores sociales de nuestro territorio a trabajar articuladamente por el empoderamiento de nuestras mujeres, mejor calidad de vida y oportunidades para nuestros ni\u00f1os, j\u00f3venes y adultos mayores.\u00bb asegur\u00f3 la Primera Dama del departamento, Nataia Eljach, quien lidera la iniciativa.<\/p>\n<p>Sandra Schmalbach, cabeza de la Secretar\u00eda de la Mujer, les manifest\u00f3 que \u00abestamos prestos para apoyar sus gestiones en favor del bienestar de las comunidades. Con su apoyo construimos tejido social\u00bb.<\/p>\n<p>\u201cEs satisfactorio ver la voluntad de esta administraci\u00f3n de trabajar en equipo y el compromiso que muestra por la labor social. Estoy segura que con trabajo constante y responsable vendr\u00e1n muchas cosas buenas para las comunidades, de todos los municipios de Bol\u00edvar\u201d dijo Jhovana Barrientos, gestora social de Magangu\u00e9.<\/p>\n<p><img loading=\"lazy\" decoding=\"async\" class=\"size-medium wp-image-33681 aligncenter\" src=\"https:\/\/www.revistazetta.com\/wp-content\/uploads\/2020\/01\/Primera-2-400x267.jpeg\" alt=\"\" width=\"400\" height=\"267\" srcset=\"https:\/\/revistazetta.com\/wp-content\/uploads\/2020\/01\/Primera-2-400x267.jpeg 400w, https:\/\/revistazetta.com\/wp-content\/uploads\/2020\/01\/Primera-2-1024x684.jpeg 1024w, https:\/\/revistazetta.com\/wp-content\/uploads\/2020\/01\/Primera-2-219x146.jpeg 219w, https:\/\/revistazetta.com\/wp-content\/uploads\/2020\/01\/Primera-2-50x33.jpeg 50w, https:\/\/revistazetta.com\/wp-content\/uploads\/2020\/01\/Primera-2-112x75.jpeg 112w, https:\/\/revistazetta.com\/wp-content\/uploads\/2020\/01\/Primera-2.jpeg 1280w\" sizes=\"auto, (max-width: 400px) 100vw, 400px\" \/><\/p>\n","protected":false},"excerpt":{"rendered":"<p>&nbsp; Con apoyo de la Secretar\u00eda de la Mujer, la Gobernaci\u00f3n de Bol\u00edvar lidera un plan de asesoramiento para la creaci\u00f3n de las Oficinas de la Mujer en los diferentes municipios del departamento. En mesas de trabajo con gestoras sociales Katia Acosta, del municipio de Mahates, Jhovana Barrientos de Magangu\u00e9, y Greicy Torres de El Carmen de Bol\u00edvar, se empez\u00f3 esta labor encaminada a optimizar el trabajo para la atenci\u00f3n a ni\u00f1os, ni\u00f1as, adolescentes y adultos mayores. Desde el gobierno departamental se espera que los gestores sociales de todo el&#8230; <\/p>\n","protected":false},"author":3,"featured_media":33680,"comment_status":"closed","ping_status":"closed","sticky":false,"template":"","format":"standard","meta":{"footnotes":"","_links_to":"","_links_to_target":""},"categories":[75,80],"tags":[],"class_list":["post-33679","post","type-post","status-publish","format-standard","has-post-thumbnail","hentry","category-destacada","category-region"],"_links":{"self":[{"href":"https:\/\/revistazetta.com\/index.php?rest_route=\/wp\/v2\/posts\/33679","targetHints":{"allow":["GET"]}}],"collection":[{"href":"https:\/\/revistazetta.com\/index.php?rest_route=\/wp\/v2\/posts"}],"about":[{"href":"https:\/\/revistazetta.com\/index.php?rest_route=\/wp\/v2\/types\/post"}],"author":[{"embeddable":true,"href":"https:\/\/revistazetta.com\/index.php?rest_route=\/wp\/v2\/users\/3"}],"replies":[{"embeddable":true,"href":"https:\/\/revistazetta.com\/index.php?rest_route=%2Fwp%2Fv2%2Fcomments&post=33679"}],"version-history":[{"count":0,"href":"https:\/\/revistazetta.com\/index.php?rest_route=\/wp\/v2\/posts\/33679\/revisions"}],"wp:featuredmedia":[{"embeddable":true,"href":"https:\/\/revistazetta.com\/index.php?rest_route=\/wp\/v2\/media\/33680"}],"wp:attachment":[{"href":"https:\/\/revistazetta.com\/index.php?rest_route=%2Fwp%2Fv2%2Fmedia&parent=33679"}],"wp:term":[{"taxonomy":"category","embeddable":true,"href":"https:\/\/revistazetta.com\/index.php?rest_route=%2Fwp%2Fv2%2Fcategories&post=33679"},{"taxonomy":"post_tag","embeddable":true,"href":"https:\/\/revistazetta.com\/index.php?rest_route=%2Fwp%2Fv2%2Ftags&post=33679"}],"curies":[{"name":"wp","href":"https:\/\/api.w.org\/{rel}","templated":true}]}}