{"id":33683,"date":"2020-01-15T07:00:31","date_gmt":"2020-01-15T12:00:31","guid":{"rendered":"http:\/\/www.revistazetta.com\/?p=33683"},"modified":"2020-03-29T18:53:56","modified_gmt":"2020-03-29T23:53:56","slug":"llega-a-la-radio-el-analisis-y-profundidad-en-penultima-palabra","status":"publish","type":"post","link":"https:\/\/revistazetta.com\/?p=33683","title":{"rendered":"Llega a la radio el an\u00e1lisis y profundidad en \u201cPen\u00faltima Palabra\u201d"},"content":{"rendered":"<p>Un espacio para el an\u00e1lisis y la profundidad en la radio de Cartagena llega con \u00abPen\u00faltima Palabra\u00bb, el programa que desde el lunes 20 de enero entra en la parrilla del Sistema Cardenal, en la frecuencia 1.360 AM.<\/p>\n<p>En el horario comprendido entre las 5 y 30 de la tarde a 7 en punto de la noche, \u00abPen\u00faltima Palabra\u00bb estar\u00e1 conducido por Carlos Ardila Gonz\u00e1lez y Euclides Castro Vitola.<\/p>\n<p>De acuerdo con Carlos Ardila Gonz\u00e1lez, uno de los directores de &#8216;Pen\u00faltima Palabra&#8217;, se trata de realizar cada d\u00eda un ameno conversatorio con reconocidos panelistas con el fin de promover con ellos la b\u00fasqueda de la verdad que, en ocasiones, se esconde tras las noticias oficiales.<\/p>\n<p>La emisi\u00f3n de Pen\u00faltima Palabra tambi\u00e9n podr\u00e1 ser seguida por los seguidores de Revista Metro, Metro Joven y Metro TV, ya que ser\u00e1 retransmitido por las redes sociales de estos medios, y tambi\u00e9n por la emisora digital de www.revistazetta.com.<\/p>\n<p>CARLOS ARDILA GONZ\u00c1LEZ naci\u00f3 el 13 de noviembre de 1956 en Cartagena, hizo sus primeros pininos en el periodismo en el Diario de la Costa, donde mantuvo una columna desde el 13 de marzo hasta el 31 de diciembre de 1982. Desde febrero de 1990 y hasta julio de 1993, dirigi\u00f3 el peri\u00f3dico \u2018La Tribuna de Bol\u00edvar\u2019. Fue cofundador y reportero de los noticieros \u2018AM Noticias\u2019, \u2018CN Noticias\u2019 y \u2018Punto en la Noticia\u2019, y fundador y director de los programas \u2018Refer\u00e9ndum\u2019, \u2018Contra la Pared\u2019 y \u2018En Caliente, el Magaz\u00edn del Caribe\u2019. Asimismo, fund\u00f3 y dirigi\u00f3 el informativo \u2018Alpha Noticias\u2019, y fue cofundador y director del \u2018Noticiero Todelar de Bol\u00edvar\u2019. Ha sido columnista de El Universal y colaborador -como freelancer &#8211; de El Espectador. Desde febrero de 2003 y hasta marzo de 2005 dirigi\u00f3 la revista Metro. El 1 de marzo de 2005 fund\u00f3 \u2018Revista Metro\u2019, un portal de internet dedicado a la b\u00fasqueda de las noticias que suelen esconderse detr\u00e1s de la informaci\u00f3n oficial y, particularmente, a informar sobre las movidas del poder en Cartagena y Bol\u00edvar.<\/p>\n<p>EUCLIDES CASTRO VITOLA es\u00a0abogado y periodista. Comenz\u00f3 escribiendo en blogs acerca del acontecer pol\u00edtico local durante los a\u00f1os 2008 y 2009. Posteriormente pas\u00f3 a escribir en la secci\u00f3n de blogs del diario El Universal, bajo el pseud\u00f3nimo de Euclichenko, en una columna semanal titulada \u00abPerro que muerde a su due\u00f1o\u00bb. Posteriormente y por espacio de cuatro a\u00f1os trabaj\u00f3 en radio, bajo la direcci\u00f3n de Germ\u00e1n Teher\u00e1n Montes, en el magaz\u00edn La Verdad &amp; Punto. Simult\u00e1neamente y por espacio de 3 a\u00f1os y medio integr\u00f3 el programa \u00abBuenos D\u00edas Deportes\u00bb al lado de Eugenio Baena Calvo y Fredy Jinete Daza. As\u00ed mismo trabaj\u00f3 en la redacci\u00f3n de los diarios \u00abAl D\u00eda\u00bb y \u00abEl Heraldo\u00bb, y posteriormente fungi\u00f3 como editor del \u00abDiario La Verdad\u00bb. Alterna sus actividades period\u00edsticas con las de consultor pol\u00edtico y jur\u00eddico.<\/p>\n<p>&nbsp;<\/p>\n","protected":false},"excerpt":{"rendered":"<p>Un espacio para el an\u00e1lisis y la profundidad en la radio de Cartagena llega con \u00abPen\u00faltima Palabra\u00bb, el programa que desde el lunes 20 de enero entra en la parrilla del Sistema Cardenal, en la frecuencia 1.360 AM. En el horario comprendido entre las 5 y 30 de la tarde a 7 en punto de la noche, \u00abPen\u00faltima Palabra\u00bb estar\u00e1 conducido por Carlos Ardila Gonz\u00e1lez y Euclides Castro Vitola. De acuerdo con Carlos Ardila Gonz\u00e1lez, uno de los directores de &#8216;Pen\u00faltima Palabra&#8217;, se trata de realizar cada d\u00eda un ameno&#8230; <\/p>\n","protected":false},"author":3,"featured_media":33684,"comment_status":"closed","ping_status":"closed","sticky":false,"template":"","format":"standard","meta":{"footnotes":"","_links_to":"","_links_to_target":""},"categories":[3,75,40],"tags":[],"class_list":["post-33683","post","type-post","status-publish","format-standard","has-post-thumbnail","hentry","category-ciudad","category-destacada","category-tuciudad"],"_links":{"self":[{"href":"https:\/\/revistazetta.com\/index.php?rest_route=\/wp\/v2\/posts\/33683","targetHints":{"allow":["GET"]}}],"collection":[{"href":"https:\/\/revistazetta.com\/index.php?rest_route=\/wp\/v2\/posts"}],"about":[{"href":"https:\/\/revistazetta.com\/index.php?rest_route=\/wp\/v2\/types\/post"}],"author":[{"embeddable":true,"href":"https:\/\/revistazetta.com\/index.php?rest_route=\/wp\/v2\/users\/3"}],"replies":[{"embeddable":true,"href":"https:\/\/revistazetta.com\/index.php?rest_route=%2Fwp%2Fv2%2Fcomments&post=33683"}],"version-history":[{"count":0,"href":"https:\/\/revistazetta.com\/index.php?rest_route=\/wp\/v2\/posts\/33683\/revisions"}],"wp:featuredmedia":[{"embeddable":true,"href":"https:\/\/revistazetta.com\/index.php?rest_route=\/wp\/v2\/media\/33684"}],"wp:attachment":[{"href":"https:\/\/revistazetta.com\/index.php?rest_route=%2Fwp%2Fv2%2Fmedia&parent=33683"}],"wp:term":[{"taxonomy":"category","embeddable":true,"href":"https:\/\/revistazetta.com\/index.php?rest_route=%2Fwp%2Fv2%2Fcategories&post=33683"},{"taxonomy":"post_tag","embeddable":true,"href":"https:\/\/revistazetta.com\/index.php?rest_route=%2Fwp%2Fv2%2Ftags&post=33683"}],"curies":[{"name":"wp","href":"https:\/\/api.w.org\/{rel}","templated":true}]}}