{"id":33775,"date":"2020-01-22T06:52:32","date_gmt":"2020-01-22T11:52:32","guid":{"rendered":"http:\/\/www.revistazetta.com\/?p=33775"},"modified":"2020-03-29T18:53:55","modified_gmt":"2020-03-29T23:53:55","slug":"toncel-refuta-a-secretario-de-dau-ni-extorsion-ni-persecusion","status":"publish","type":"post","link":"https:\/\/revistazetta.com\/?p=33775","title":{"rendered":"Toncel refuta a secretario de Dau: ni extorsi\u00f3n ni persecusi\u00f3n"},"content":{"rendered":"<p>El secretario de Participaci\u00f3n Ciudadana, Armando C\u00f3rdoba, declar\u00f3 que cumple con el perfil exigido para ser funcionario, y desestim\u00f3 una solicitud para que su nombramiento ser\u00e1 revocado, como lo pretende un abogado.<\/p>\n<p>En sus argumentos de defensa, adem\u00e1s del aspecto jur\u00eddico, pas\u00f3 al ataque pol\u00edtico y acus\u00f3 a \u00abconcejales\u00bb de hacer parte de una persecusi\u00f3n y de estarle exigiendo espacios para personal por OPS.<\/p>\n<p>Ante tales se\u00f1alamientos, el concejal Wilson Toncel emiti\u00f3 una declaraci\u00f3n donde lo refuta por completo y le pide claridad:<\/p>\n<p><em><span style=\"color: #000080;\">Comunicado a la opini\u00f3n p\u00fablica<\/span><\/em><\/p>\n<p><em><span style=\"color: #000080;\">Recibo con preocupaci\u00f3n las declaraciones del Secretario de Participaci\u00f3n Distrital, Armando C\u00f3rdoba, en un medio de comunicaci\u00f3n local, en las que acusa a varios concejales -sin entregar nombres- de haber creado una \u201cestructura de persecuci\u00f3n\u201d contra \u00e9l, y de que esos mismos cabildantes lo est\u00e1n extorsionando \u201cpara que les ceda puestos\u201d en la administraci\u00f3n distrital.<\/span><\/em><\/p>\n<p><em><span style=\"color: #000080;\">Acusaciones como las del secretario C\u00f3rdoba, emitidas sin aportar prueba alguna, y sin especificar a las personas que acusa, le hacen mucho da\u00f1o al Concejo Distrital, y a las relaciones de la corporaci\u00f3n edilicia con la Alcald\u00eda Mayor de Cartagena.<\/span><\/em><\/p>\n<p><em><span style=\"color: #000080;\">Hago una cordial invitaci\u00f3n al secretario C\u00f3rdoba a que, si tiene alg\u00fan tipo de denuncia, la haga con todas las pruebas del caso, y con nombre propio, para evitar especulaciones y desinformaci\u00f3n.<\/span><\/em><\/p>\n<p><em><span style=\"color: #000080;\">Del mismo modo, hago extensiva la invitaci\u00f3n al Alcalde Mayor de Cartagena, doctor William Dau Chamat, a que incorpore la prudencia en sus declaraciones, y convoque a su equipo de trabajo a hacer lo mismo.<\/span><\/em><\/p>\n<p><em><span style=\"color: #000080;\">Este tipo de generalizaciones indebidas, producen desinformaci\u00f3n en la ciudadan\u00eda, debilitan el mensaje anticorrupci\u00f3n que debemos dar como ciudad, y minan la credibilidad de las instituciones. Al final, con estas acusaciones al viento, termina perdiendo Cartagena.<\/span><\/em><\/p>\n<p><em><span style=\"color: #000080;\">Wilson Toncel<\/span><\/em><br \/>\n<em><span style=\"color: #000080;\">Concejal del Distrito de Cartagena<\/span><\/em><\/p>\n","protected":false},"excerpt":{"rendered":"<p>El secretario de Participaci\u00f3n Ciudadana, Armando C\u00f3rdoba, declar\u00f3 que cumple con el perfil exigido para ser funcionario, y desestim\u00f3 una solicitud para que su nombramiento ser\u00e1 revocado, como lo pretende un abogado. En sus argumentos de defensa, adem\u00e1s del aspecto jur\u00eddico, pas\u00f3 al ataque pol\u00edtico y acus\u00f3 a \u00abconcejales\u00bb de hacer parte de una persecusi\u00f3n y de estarle exigiendo espacios para personal por OPS. Ante tales se\u00f1alamientos, el concejal Wilson Toncel emiti\u00f3 una declaraci\u00f3n donde lo refuta por completo y le pide claridad: Comunicado a la opini\u00f3n p\u00fablica Recibo con&#8230; <\/p>\n","protected":false},"author":3,"featured_media":33776,"comment_status":"closed","ping_status":"closed","sticky":false,"template":"","format":"standard","meta":{"footnotes":"","_links_to":"","_links_to_target":""},"categories":[75,4],"tags":[],"class_list":["post-33775","post","type-post","status-publish","format-standard","has-post-thumbnail","hentry","category-destacada","category-politica"],"_links":{"self":[{"href":"https:\/\/revistazetta.com\/index.php?rest_route=\/wp\/v2\/posts\/33775","targetHints":{"allow":["GET"]}}],"collection":[{"href":"https:\/\/revistazetta.com\/index.php?rest_route=\/wp\/v2\/posts"}],"about":[{"href":"https:\/\/revistazetta.com\/index.php?rest_route=\/wp\/v2\/types\/post"}],"author":[{"embeddable":true,"href":"https:\/\/revistazetta.com\/index.php?rest_route=\/wp\/v2\/users\/3"}],"replies":[{"embeddable":true,"href":"https:\/\/revistazetta.com\/index.php?rest_route=%2Fwp%2Fv2%2Fcomments&post=33775"}],"version-history":[{"count":0,"href":"https:\/\/revistazetta.com\/index.php?rest_route=\/wp\/v2\/posts\/33775\/revisions"}],"wp:featuredmedia":[{"embeddable":true,"href":"https:\/\/revistazetta.com\/index.php?rest_route=\/wp\/v2\/media\/33776"}],"wp:attachment":[{"href":"https:\/\/revistazetta.com\/index.php?rest_route=%2Fwp%2Fv2%2Fmedia&parent=33775"}],"wp:term":[{"taxonomy":"category","embeddable":true,"href":"https:\/\/revistazetta.com\/index.php?rest_route=%2Fwp%2Fv2%2Fcategories&post=33775"},{"taxonomy":"post_tag","embeddable":true,"href":"https:\/\/revistazetta.com\/index.php?rest_route=%2Fwp%2Fv2%2Ftags&post=33775"}],"curies":[{"name":"wp","href":"https:\/\/api.w.org\/{rel}","templated":true}]}}