{"id":33781,"date":"2020-01-23T06:14:46","date_gmt":"2020-01-23T11:14:46","guid":{"rendered":"http:\/\/www.revistazetta.com\/?p=33781"},"modified":"2020-03-29T18:53:09","modified_gmt":"2020-03-29T23:53:09","slug":"cordoba-citado-por-el-concejo-se-ratifica-o-se-retracta","status":"publish","type":"post","link":"https:\/\/revistazetta.com\/?p=33781","title":{"rendered":"C\u00f3rdoba, citado por el Concejo: \u00bfSe ratifica o se retracta?"},"content":{"rendered":"<p>Si un concejal tiene persecuci\u00f3n pol\u00edtica o le ha extorsionado, que lo diga. Y que lo diga ante la plenaria del Concejo. As\u00ed emplazaron al secretario de Participaci\u00f3n Ciudadana, Armando C\u00f3rdoba, quien hizo tales denuncias ante medios locales de comunicaci\u00f3n.<\/p>\n<p>Los concejales de la ciudad presentaron una proposici\u00f3n que fue aprobada por la mayor\u00eda para citar a este funcionario y explique esta situaci\u00f3n en un\u00a0cuestionario donde se le pide que d\u00e9 a conocer los nombres, los sitios donde se llev\u00f3 a cabo los encuentros o las llamadas donde se le presionaba y cu\u00e1les eran las exigencias que le hac\u00edan entre otros interrogantes.<\/p>\n<p>&nbsp;<\/p>\n<p><strong>Lupa a contratos<\/strong><\/p>\n<p>Tres contratos que suman $2.473 millones por cuatro meses suscribi\u00f3 el alcalde William Dau con la firma Data Tools S.A. cuyo representante legal es \u00d3scar Alonso Mu\u00f1oz Garz\u00f3n, a quien el alcalde d\u00edas antes le manifest\u00f3 que no iba a privatizar el DATT y que crear\u00eda la Secretar\u00eda de Movilidad.<\/p>\n<p>Rodrigo Reyes Pereira, concejal del partido Conservador manifest\u00f3 que el consorcio Circulemos estuvo manejando el funcionamiento por 20 a\u00f1os, por lo que una vez terminado toda la infraestructura en materia de sistematizaci\u00f3n y gr\u00faas deb\u00edan quedar en propiedad del Distrito y no entiende, por\u00a0qu\u00e9 a\u00fan no hay personal capacitado en el tr\u00e1nsito que opere la sistematizaci\u00f3n.<\/p>\n<p>El concejal Lewis Montero Polo, de la bancada de la U, indic\u00f3 que la contrataci\u00f3n que se firm\u00f3 en el DATT, va en contrav\u00eda a lo que viene manifestando el alcalde William Dautt, de acabar con la pobreza expresando que los guardas y agentes del tr\u00e1nsito en su gran mayor\u00eda viven en los barrios de estratos 1 y 2 y a\u00fan le deben 3 y 5 meses de salario y no hay respuestas de la administraci\u00f3n.<\/p>\n<p><strong>Bancada liberal <\/strong><strong>cita al Administrador de Bazurto<\/strong><\/p>\n<p>Para los concejales liberales de la ciudad, el mercado de Bazurto no solo es el principal centro de acopio, sino que ya es un atractivo tur\u00edstico gastron\u00f3mico y debe contar con las mejores condiciones para recibir tanto a nativos como a visitantes.<\/p>\n<p>Hernando Pi\u00f1a, concejal liberal, cit\u00f3 al Administrador del Mercado de Bazurto para que explique la situaci\u00f3n actual del mercado, con cu\u00e1ntos trabajadores funcionan y su vinculaci\u00f3n laboral, el n\u00famero de locales comerciales que pertenecen al Distrito, cu\u00e1ntos generan y a d\u00f3nde van los recursos que se reciben por canon de arriendo. Qu\u00e9\u00a0planes \u00a0se aplican para la recolecci\u00f3n de residuos s\u00f3lidos y limpieza de los canales internos del mercado para garantizar la salubridad, entre otros interrogantes.<\/p>\n<p><strong>Pol\u00edtica del Vendedor Informal<\/strong><\/p>\n<p>El concejal C\u00e9sar Pi\u00f3n present\u00f3 una proposici\u00f3n para realizar una gran audiencia p\u00fablica en el teatro Adolfo Mej\u00eda en la que participen las principales asociaciones de vendedores informales de la ciudad, funcionarios del distrito y otras autoridades.<\/p>\n<p>La idea es conocer las necesidades de los vendedores, las pol\u00edticas que se encuentran vigentes en el distrito para regular su actividad y escuchar ideas para formalizar y proteger su actividad.<\/p>\n<p>\u201cUna de las banderas que tengo en este periodo es la de la protecci\u00f3n del vendedor informal. Con esta propuesta lo que queremos es iniciar el proceso para darle status a su actividad. Que el vendedor pueda disfrutar del acceso al sistema de salud, a programas de educaci\u00f3n, a pensi\u00f3n, entre otras. Hemos extendido la invitaci\u00f3n a los concejales para que aporten a esta proposici\u00f3n porque la pol\u00edtica del vendedor informal debe ser construida entre todos los frentes\u201d, puntualiz\u00f3.<\/p>\n","protected":false},"excerpt":{"rendered":"<p>Si un concejal tiene persecuci\u00f3n pol\u00edtica o le ha extorsionado, que lo diga. Y que lo diga ante la plenaria del Concejo. As\u00ed emplazaron al secretario de Participaci\u00f3n Ciudadana, Armando C\u00f3rdoba, quien hizo tales denuncias ante medios locales de comunicaci\u00f3n. Los concejales de la ciudad presentaron una proposici\u00f3n que fue aprobada por la mayor\u00eda para citar a este funcionario y explique esta situaci\u00f3n en un\u00a0cuestionario donde se le pide que d\u00e9 a conocer los nombres, los sitios donde se llev\u00f3 a cabo los encuentros o las llamadas donde se le&#8230; <\/p>\n","protected":false},"author":3,"featured_media":33782,"comment_status":"closed","ping_status":"closed","sticky":false,"template":"","format":"standard","meta":{"footnotes":"","_links_to":"","_links_to_target":""},"categories":[75,4],"tags":[],"class_list":["post-33781","post","type-post","status-publish","format-standard","has-post-thumbnail","hentry","category-destacada","category-politica"],"_links":{"self":[{"href":"https:\/\/revistazetta.com\/index.php?rest_route=\/wp\/v2\/posts\/33781","targetHints":{"allow":["GET"]}}],"collection":[{"href":"https:\/\/revistazetta.com\/index.php?rest_route=\/wp\/v2\/posts"}],"about":[{"href":"https:\/\/revistazetta.com\/index.php?rest_route=\/wp\/v2\/types\/post"}],"author":[{"embeddable":true,"href":"https:\/\/revistazetta.com\/index.php?rest_route=\/wp\/v2\/users\/3"}],"replies":[{"embeddable":true,"href":"https:\/\/revistazetta.com\/index.php?rest_route=%2Fwp%2Fv2%2Fcomments&post=33781"}],"version-history":[{"count":0,"href":"https:\/\/revistazetta.com\/index.php?rest_route=\/wp\/v2\/posts\/33781\/revisions"}],"wp:featuredmedia":[{"embeddable":true,"href":"https:\/\/revistazetta.com\/index.php?rest_route=\/wp\/v2\/media\/33782"}],"wp:attachment":[{"href":"https:\/\/revistazetta.com\/index.php?rest_route=%2Fwp%2Fv2%2Fmedia&parent=33781"}],"wp:term":[{"taxonomy":"category","embeddable":true,"href":"https:\/\/revistazetta.com\/index.php?rest_route=%2Fwp%2Fv2%2Fcategories&post=33781"},{"taxonomy":"post_tag","embeddable":true,"href":"https:\/\/revistazetta.com\/index.php?rest_route=%2Fwp%2Fv2%2Ftags&post=33781"}],"curies":[{"name":"wp","href":"https:\/\/api.w.org\/{rel}","templated":true}]}}