{"id":33783,"date":"2020-01-23T06:20:10","date_gmt":"2020-01-23T11:20:10","guid":{"rendered":"http:\/\/www.revistazetta.com\/?p=33783"},"modified":"2020-03-29T18:53:09","modified_gmt":"2020-03-29T23:53:09","slug":"alcaldia-de-magangue-no-permitira-invasion-de-predios","status":"publish","type":"post","link":"https:\/\/revistazetta.com\/?p=33783","title":{"rendered":"Alcald\u00eda de Magangu\u00e9 no permitir\u00e1 invasi\u00f3n de predios"},"content":{"rendered":"<p>La Administraci\u00f3n Municipal de Magangu\u00e9, a trav\u00e9s del secretario General y del Interior, Isaac Valdelamar, hizo un en\u00e9rgico llamado a las personas que est\u00e1n invadiendo algunos sectores de la ciudad.<\/p>\n<p>El pronunciamiento del funcionario obedeci\u00f3 al llamado que vienen realizando algunos ciudadanos denunciando este tipo de conductas.<\/p>\n<p>\u201cEn la ma\u00f1ana de ayer llevamos a cabo nuevamente el desalojo de un predio de uso p\u00fablico, que est\u00e1 ubicado en el barrio Pastrana, que colinda con el Centro Cultural Chico Cervantes y que en d\u00edas pasado hab\u00eda sido invadido\u201d, sostuvo Valdelamar.<\/p>\n<p>A este nuevo procedimiento de desalojo, acudi\u00f3 tambi\u00e9n el mayor de la Polic\u00eda de Distrito, Johnny Gaviria, quien, en compa\u00f1\u00eda del secretario general, realiz\u00f3 la restituci\u00f3n.<\/p>\n<p>\u201cQueremos hacer claridad que este tipo de conductas que van en contra de la Ley, no se van a permitir en esta administraci\u00f3n, por lo que se llevar\u00e1n a cabo las respectivas denuncias ante las autoridades competentes, para que se adelanten las acciones en contra de las personas que est\u00e1n liderando estas invasiones\u201d, indic\u00f3 Valdelamar.<\/p>\n<p>Una vez se cumpli\u00f3 la diligencia en el barrio Pastrana, los ocupantes del predio procedieron de manera voluntaria a abandonar el lugar.<\/p>\n","protected":false},"excerpt":{"rendered":"<p>La Administraci\u00f3n Municipal de Magangu\u00e9, a trav\u00e9s del secretario General y del Interior, Isaac Valdelamar, hizo un en\u00e9rgico llamado a las personas que est\u00e1n invadiendo algunos sectores de la ciudad. El pronunciamiento del funcionario obedeci\u00f3 al llamado que vienen realizando algunos ciudadanos denunciando este tipo de conductas. \u201cEn la ma\u00f1ana de ayer llevamos a cabo nuevamente el desalojo de un predio de uso p\u00fablico, que est\u00e1 ubicado en el barrio Pastrana, que colinda con el Centro Cultural Chico Cervantes y que en d\u00edas pasado hab\u00eda sido invadido\u201d, sostuvo Valdelamar. A&#8230; <\/p>\n","protected":false},"author":3,"featured_media":33784,"comment_status":"closed","ping_status":"closed","sticky":false,"template":"","format":"standard","meta":{"footnotes":"","_links_to":"","_links_to_target":""},"categories":[75,83,80],"tags":[],"class_list":["post-33783","post","type-post","status-publish","format-standard","has-post-thumbnail","hentry","category-destacada","category-municipios","category-region"],"_links":{"self":[{"href":"https:\/\/revistazetta.com\/index.php?rest_route=\/wp\/v2\/posts\/33783","targetHints":{"allow":["GET"]}}],"collection":[{"href":"https:\/\/revistazetta.com\/index.php?rest_route=\/wp\/v2\/posts"}],"about":[{"href":"https:\/\/revistazetta.com\/index.php?rest_route=\/wp\/v2\/types\/post"}],"author":[{"embeddable":true,"href":"https:\/\/revistazetta.com\/index.php?rest_route=\/wp\/v2\/users\/3"}],"replies":[{"embeddable":true,"href":"https:\/\/revistazetta.com\/index.php?rest_route=%2Fwp%2Fv2%2Fcomments&post=33783"}],"version-history":[{"count":0,"href":"https:\/\/revistazetta.com\/index.php?rest_route=\/wp\/v2\/posts\/33783\/revisions"}],"wp:featuredmedia":[{"embeddable":true,"href":"https:\/\/revistazetta.com\/index.php?rest_route=\/wp\/v2\/media\/33784"}],"wp:attachment":[{"href":"https:\/\/revistazetta.com\/index.php?rest_route=%2Fwp%2Fv2%2Fmedia&parent=33783"}],"wp:term":[{"taxonomy":"category","embeddable":true,"href":"https:\/\/revistazetta.com\/index.php?rest_route=%2Fwp%2Fv2%2Fcategories&post=33783"},{"taxonomy":"post_tag","embeddable":true,"href":"https:\/\/revistazetta.com\/index.php?rest_route=%2Fwp%2Fv2%2Ftags&post=33783"}],"curies":[{"name":"wp","href":"https:\/\/api.w.org\/{rel}","templated":true}]}}