{"id":33787,"date":"2020-01-23T06:37:14","date_gmt":"2020-01-23T11:37:14","guid":{"rendered":"http:\/\/www.revistazetta.com\/?p=33787"},"modified":"2020-03-29T18:53:09","modified_gmt":"2020-03-29T23:53:09","slug":"bolivar-primero-al-colegio","status":"publish","type":"post","link":"https:\/\/revistazetta.com\/?p=33787","title":{"rendered":"\u00a1Bol\u00edvar Primero al colegio!"},"content":{"rendered":"<p>En su compromiso por hacer la educaci\u00f3n prioridad en el departamento, la Gobernaci\u00f3n de Bol\u00edvar emprende la estrategia Primero Al Colegio con la que se busca garantizar y respetar el derecho a la educaci\u00f3n a ni\u00f1os y j\u00f3venes del departamento.<\/p>\n<p>Se trata de un plan encaminado a reforzar el mensaje y la lucha contra el trabajo infantil, disminuir la deserci\u00f3n escolar y alejar a los estudiantes de la violencia.<\/p>\n<p>Este abarca toda una serie de acciones transversales al Gobierno Departamental por lo cual se trabajar\u00e1 de manera mancomunada con Secretar\u00eda de Educaci\u00f3n, Secretar\u00eda de La Mujer, Secretaria de Minas, Icultur e Iderbol, que, con una gesti\u00f3n realizada desde el territorio\u00a0apuntar\u00e1n a que la \u00fanica obligaci\u00f3n de los ni\u00f1os y j\u00f3venes de todos los rincones de Bol\u00edvar sea recibir educaci\u00f3n y prepararse para en un futuro servir a su territorio.<\/p>\n<p>\u00abNuestros estudiantes son nuestro mejor activo para construir futuro, por eso haremos todo lo necesario para que antes de cualquier actividad, siempre piensen en ir Primero al colegio\u00bb. As\u00ed lo asegur\u00f3 el Gobernador de Bol\u00edvar al referirse al conjunto de acciones que lidera junto a la\u00a0Gestora Social, Natalia Eljach, en la b\u00fasqueda de llenar las aulas de estudiantes y protegerlos de cualquier tipo de explotaci\u00f3n sexual o laboral.<\/p>\n<p>Justamente Eljach, en conjunto con la secretar\u00eda de La Mujer y Gesti\u00f3n Social, lidera una campa\u00f1a para recolecci\u00f3n y entrega de Kits escolares a ni\u00f1os del departamento procurando que la falta de estos implementos no sea una excusa para que los estudiantes no asistan a clases.<\/p>\n<p>El inicio oportuno en el territorio del Programa de Alimentaci\u00f3n Escolar PAE, tambi\u00e9n contribuir\u00e1 a este prop\u00f3sito. El Calendario Escolar se cumplir\u00e1 con total normalidad y a d\u00eda de hoy se contin\u00faan haciendo todas las estrategias necesarias para garantizar total cobertura de la planta docente y poner en marcha el Plan de Infraestructura Educativa del Bol\u00edvar Primero.<\/p>\n<p>Para el Gobernador de Bol\u00edvar, Vicente Antonio Blel Scaff, Primero Al Colegio se convierte en un mandato tanto a gobernantes y alcaldes, como a padres de familia y estudiantes para que el territorio pueda caminar por la senda de un Bol\u00edvar Primero en educaci\u00f3n.<\/p>\n","protected":false},"excerpt":{"rendered":"<p>En su compromiso por hacer la educaci\u00f3n prioridad en el departamento, la Gobernaci\u00f3n de Bol\u00edvar emprende la estrategia Primero Al Colegio con la que se busca garantizar y respetar el derecho a la educaci\u00f3n a ni\u00f1os y j\u00f3venes del departamento. Se trata de un plan encaminado a reforzar el mensaje y la lucha contra el trabajo infantil, disminuir la deserci\u00f3n escolar y alejar a los estudiantes de la violencia. Este abarca toda una serie de acciones transversales al Gobierno Departamental por lo cual se trabajar\u00e1 de manera mancomunada con Secretar\u00eda&#8230; <\/p>\n","protected":false},"author":3,"featured_media":33788,"comment_status":"closed","ping_status":"closed","sticky":false,"template":"","format":"standard","meta":{"footnotes":"","_links_to":"","_links_to_target":""},"categories":[75,80],"tags":[],"class_list":["post-33787","post","type-post","status-publish","format-standard","has-post-thumbnail","hentry","category-destacada","category-region"],"_links":{"self":[{"href":"https:\/\/revistazetta.com\/index.php?rest_route=\/wp\/v2\/posts\/33787","targetHints":{"allow":["GET"]}}],"collection":[{"href":"https:\/\/revistazetta.com\/index.php?rest_route=\/wp\/v2\/posts"}],"about":[{"href":"https:\/\/revistazetta.com\/index.php?rest_route=\/wp\/v2\/types\/post"}],"author":[{"embeddable":true,"href":"https:\/\/revistazetta.com\/index.php?rest_route=\/wp\/v2\/users\/3"}],"replies":[{"embeddable":true,"href":"https:\/\/revistazetta.com\/index.php?rest_route=%2Fwp%2Fv2%2Fcomments&post=33787"}],"version-history":[{"count":0,"href":"https:\/\/revistazetta.com\/index.php?rest_route=\/wp\/v2\/posts\/33787\/revisions"}],"wp:featuredmedia":[{"embeddable":true,"href":"https:\/\/revistazetta.com\/index.php?rest_route=\/wp\/v2\/media\/33788"}],"wp:attachment":[{"href":"https:\/\/revistazetta.com\/index.php?rest_route=%2Fwp%2Fv2%2Fmedia&parent=33787"}],"wp:term":[{"taxonomy":"category","embeddable":true,"href":"https:\/\/revistazetta.com\/index.php?rest_route=%2Fwp%2Fv2%2Fcategories&post=33787"},{"taxonomy":"post_tag","embeddable":true,"href":"https:\/\/revistazetta.com\/index.php?rest_route=%2Fwp%2Fv2%2Ftags&post=33787"}],"curies":[{"name":"wp","href":"https:\/\/api.w.org\/{rel}","templated":true}]}}