{"id":33911,"date":"2020-02-02T08:41:03","date_gmt":"2020-02-02T13:41:03","guid":{"rendered":"http:\/\/www.revistazetta.com\/?p=33911"},"modified":"2020-03-29T18:53:08","modified_gmt":"2020-03-29T23:53:08","slug":"un-parque-cada-dos-meses-entrega-primeras-sonrisas","status":"publish","type":"post","link":"https:\/\/revistazetta.com\/?p=33911","title":{"rendered":"\u00abUn parque cada dos meses\u00bb entrega primeras sonrisas"},"content":{"rendered":"<blockquote><p><strong>Entrega e inauguraci\u00f3n de\u00a0 proyecto piloto de \u201cUn parque cada dos meses\u201d, de la Fundaci\u00f3n El Color Azul<\/strong><\/p><\/blockquote>\n<p>Entrega e inauguraci\u00f3n de nuestro proyecto piloto de \u201cUn parque cada dos meses\u201d organizado por la FUNDACI\u00d3N EL COLOR AZUL, el representante a la C\u00e1mara por Bol\u00edvar, Jorge Enrique Benedetti Martelo, el movimiento ciudadano DISCIPLINA Y CORAZON, y en trabajo conjunto con la fundaci\u00f3n Verde Esperanza.<\/p>\n<p>LA FUNDACION EL COLOR AZUL, representada por su director Camilo Galeano George, hizo entrega de su proyecto piloto de \u201cUn parque cada dos meses\u201d, con la finalidad de aportar a la construcci\u00f3n de un tejido social s\u00f3lido, con base a la recreaci\u00f3n, el cuidado y sostenimiento del medio ambiente, para la comunidad del Bario Ciudad del Bicentenario.<br \/>\nSe hace constar que la presente donaci\u00f3n se encuentra en optimo estado. La comunidad beneficiaria hace constar que recibe a satisfacci\u00f3n los materiales donados, y se compromete a el uso prudente y eficiente, y al cuidado de la integridad del Parque.<br \/>\nEn lo que respecta a la entidad encargada de la instalaci\u00f3n, INMOCENTE S.A.S, se se\u00f1ala que se encargar\u00e1 de hacer el mantenimiento.<\/p>\n<p><img loading=\"lazy\" decoding=\"async\" class=\"alignnone size-medium wp-image-33909\" src=\"https:\/\/www.revistazetta.com\/wp-content\/uploads\/2020\/02\/Parque-azul-2-400x300.jpeg\" alt=\"\" width=\"400\" height=\"300\" srcset=\"https:\/\/revistazetta.com\/wp-content\/uploads\/2020\/02\/Parque-azul-2-400x300.jpeg 400w, https:\/\/revistazetta.com\/wp-content\/uploads\/2020\/02\/Parque-azul-2-1024x768.jpeg 1024w, https:\/\/revistazetta.com\/wp-content\/uploads\/2020\/02\/Parque-azul-2-195x146.jpeg 195w, https:\/\/revistazetta.com\/wp-content\/uploads\/2020\/02\/Parque-azul-2-50x38.jpeg 50w, https:\/\/revistazetta.com\/wp-content\/uploads\/2020\/02\/Parque-azul-2-100x75.jpeg 100w, https:\/\/revistazetta.com\/wp-content\/uploads\/2020\/02\/Parque-azul-2.jpeg 1280w\" sizes=\"auto, (max-width: 400px) 100vw, 400px\" \/><\/p>\n<p><img loading=\"lazy\" decoding=\"async\" class=\"alignnone size-medium wp-image-33913\" src=\"https:\/\/www.revistazetta.com\/wp-content\/uploads\/2020\/02\/Parque-azul-4-400x300.jpeg\" alt=\"\" width=\"400\" height=\"300\" srcset=\"https:\/\/revistazetta.com\/wp-content\/uploads\/2020\/02\/Parque-azul-4-400x300.jpeg 400w, https:\/\/revistazetta.com\/wp-content\/uploads\/2020\/02\/Parque-azul-4-1024x768.jpeg 1024w, https:\/\/revistazetta.com\/wp-content\/uploads\/2020\/02\/Parque-azul-4-195x146.jpeg 195w, https:\/\/revistazetta.com\/wp-content\/uploads\/2020\/02\/Parque-azul-4-50x38.jpeg 50w, https:\/\/revistazetta.com\/wp-content\/uploads\/2020\/02\/Parque-azul-4-100x75.jpeg 100w, https:\/\/revistazetta.com\/wp-content\/uploads\/2020\/02\/Parque-azul-4.jpeg 1280w\" sizes=\"auto, (max-width: 400px) 100vw, 400px\" \/><\/p>\n","protected":false},"excerpt":{"rendered":"<p>Entrega e inauguraci\u00f3n de\u00a0 proyecto piloto de \u201cUn parque cada dos meses\u201d, de la Fundaci\u00f3n El Color Azul Entrega e inauguraci\u00f3n de nuestro proyecto piloto de \u201cUn parque cada dos meses\u201d organizado por la FUNDACI\u00d3N EL COLOR AZUL, el representante a la C\u00e1mara por Bol\u00edvar, Jorge Enrique Benedetti Martelo, el movimiento ciudadano DISCIPLINA Y CORAZON, y en trabajo conjunto con la fundaci\u00f3n Verde Esperanza. LA FUNDACION EL COLOR AZUL, representada por su director Camilo Galeano George, hizo entrega de su proyecto piloto de \u201cUn parque cada dos meses\u201d, con la&#8230; <\/p>\n","protected":false},"author":3,"featured_media":33912,"comment_status":"closed","ping_status":"closed","sticky":false,"template":"","format":"standard","meta":{"footnotes":"","_links_to":"","_links_to_target":""},"categories":[3,75,40],"tags":[],"class_list":["post-33911","post","type-post","status-publish","format-standard","has-post-thumbnail","hentry","category-ciudad","category-destacada","category-tuciudad"],"_links":{"self":[{"href":"https:\/\/revistazetta.com\/index.php?rest_route=\/wp\/v2\/posts\/33911","targetHints":{"allow":["GET"]}}],"collection":[{"href":"https:\/\/revistazetta.com\/index.php?rest_route=\/wp\/v2\/posts"}],"about":[{"href":"https:\/\/revistazetta.com\/index.php?rest_route=\/wp\/v2\/types\/post"}],"author":[{"embeddable":true,"href":"https:\/\/revistazetta.com\/index.php?rest_route=\/wp\/v2\/users\/3"}],"replies":[{"embeddable":true,"href":"https:\/\/revistazetta.com\/index.php?rest_route=%2Fwp%2Fv2%2Fcomments&post=33911"}],"version-history":[{"count":0,"href":"https:\/\/revistazetta.com\/index.php?rest_route=\/wp\/v2\/posts\/33911\/revisions"}],"wp:featuredmedia":[{"embeddable":true,"href":"https:\/\/revistazetta.com\/index.php?rest_route=\/wp\/v2\/media\/33912"}],"wp:attachment":[{"href":"https:\/\/revistazetta.com\/index.php?rest_route=%2Fwp%2Fv2%2Fmedia&parent=33911"}],"wp:term":[{"taxonomy":"category","embeddable":true,"href":"https:\/\/revistazetta.com\/index.php?rest_route=%2Fwp%2Fv2%2Fcategories&post=33911"},{"taxonomy":"post_tag","embeddable":true,"href":"https:\/\/revistazetta.com\/index.php?rest_route=%2Fwp%2Fv2%2Ftags&post=33911"}],"curies":[{"name":"wp","href":"https:\/\/api.w.org\/{rel}","templated":true}]}}