{"id":34062,"date":"2020-02-14T06:55:57","date_gmt":"2020-02-14T11:55:57","guid":{"rendered":"http:\/\/www.revistazetta.com\/?p=34062"},"modified":"2020-03-29T18:52:36","modified_gmt":"2020-03-29T23:52:36","slug":"protesta-de-concejales-por-hostilidad-en-redes","status":"publish","type":"post","link":"https:\/\/revistazetta.com\/?p=34062","title":{"rendered":"Protesta de concejales por hostilidad en redes"},"content":{"rendered":"<p>A modo de protesta pac\u00edfica, en la sesi\u00f3n de este mi\u00e9rcoles 13 de febrero de 2020, los cabildantes llegaron con tapa bocas a ra\u00edz que desde las redes sociales se viene tejiendo planes en su contra.<\/p>\n<p>Luego que los concejales Wilson Toncel y Fernando Ni\u00f1o denunciaran ante la plenaria, los ataques y amenazas que han recibido a trav\u00e9s de las redes sociales, \u00a0por pedirle a la administraci\u00f3n, que revoque el decreto donde se admite el parrillero mujer en algunos barrios de la ciudad, donde estaba prohibido, los Concejales C\u00e9sar Pi\u00f3n, Lewis Montero, Rodrigo Reyes, Fernando Ni\u00f1o, Hernando Pi\u00f1a, Kattya Mendoza, Carlos Barrios entre otros, en apoyo decidieron protestar coloc\u00e1ndose tapa bocas y lanzar una alerta a las autoridades para que se investigue qui\u00e9nes son los que est\u00e1n detr\u00e1s de las mencionadas amenazas con\u00a0perfiles falsos\u00a0en las redes sociales.<\/p>\n<p><strong><b>Debate contra la inseguridad<\/b><\/strong><\/p>\n<p>El presidente de la Mesa Directiva del Concejo Distrital, David Caballero, propuso realizar un gran debate en contra de la inseguridad que por estos d\u00edas ronda a la ciudad.<\/p>\n<p>\u201cCon este debate convocaremos a todas las entidades y autoridades distritales para tocar a fondo la ola de inseguridad que estamos viviendo en la ciudad\u201d<\/p>\n<p>Luego que el Centro de Observaci\u00f3n y Seguimiento del Delito \u201cCosed\u201d, publicara recientemente informe sobre el decreto firmado por el Alcalde William Dau sobre los parrilleros mujer en moto, no afecta a la ciudad, el Concejal David Caballero propone realizar un gran encuentro donde se citar\u00e1 al general Henry Sanabria Cely, comandante de la Polic\u00eda Metropolitana de Cartagena, Secretaria Del Interior y Convivencia Ciudadana y a los directivos del Centro de Observaci\u00f3n y Seguimiento del Delito Cosed, para que revelen las cifras en las que se basaron para realizar el estudio, ya que los cartageneros temen por su vidas y sienten miedo a la hora de salir o estar en las terrazas de sus hogares, por tal motivo pedimos que se creen mesas de trabajo y se citen a las autoridades arriba citadas, para concretar la situaci\u00f3n, ya que la percepci\u00f3n, no es igual a la seguridad real. Para el bien de la ciudad, turistas y todos los cartageneros es que se busque la forma de bajar los \u00edndices, de hurto u homicidio en la ciudad.<\/p>\n<p>&nbsp;<\/p>\n<p><strong><b>Audiencia P\u00fablica de dos proyectos de acuerdo<\/b><\/strong><\/p>\n<p>Finalizada la sesi\u00f3n ordinaria se dio paso a Audiencia P\u00fablica donde se debatieron los Proyectos de Acuerdo 010 y 011.<\/p>\n<p>El Proyecto de Acuerdo N\u00famero 10 \u201cPor medio del cual se modifica el acuerdo 014 de 2018 reglamento interno del Concejo Distrital de Cartagena y se crea la comisi\u00f3n de la equidad de la mujer\u201d<\/p>\n<p>La concejal ponente Kattya Mendoza manifest\u00f3 que este es un proyecto de acuerdo que va encaminado a crear la comisi\u00f3n legal de la equidad de la mujer,\u00a0en d\u00f3nde va a estar integrada por parte de las mujeres Concejales de la\u00a0corporaci\u00f3n edilicia y de aquellos hombres compa\u00f1eros tambi\u00e9n que quieran hacer parte de ella.<\/p>\n<p>\u201cCon esta iniciativa\u00a0queremos aunar esfuerzos con las diferentes dependencias de el Distrito de Cartagena,\u00a0para que en esos planes que en estos momentos est\u00e1n desarrollando pueda\u00a0estar incluido el tema de\u00a0la incusi\u00f3n y equidad de la\u00a0mujer\u201d expres\u00f3.<\/p>\n<p>La primera vicepresidenta Gloria Estrada, del Partido Liberal, expres\u00f3 \u201cque este es un importante proyecto que va encaminado a la creaci\u00f3n de la Secretar\u00eda de la Mujer, que se garantice la inclusi\u00f3n de la mujer en los diferentes espacios, pol\u00edticos, sociales, acad\u00e9micos, culturales, donde se haga un reconocimiento a estas mujeres que han venido luchando\u00a0para visibilizar su trabajo,\u00a0a esas l\u00edderes comunales que d\u00eda a d\u00eda luchan\u00a0por buscar un espacio, que han salido adelante y que\u00a0hoy\u00a0son un ejemplo\u00a0para muchas mujeres de Cartagena\u201d dijo.<\/p>\n<p>Proyecto de Acuerdo 011 \u201cpor medio del cual se establecen los lineamientos para la creaci\u00f3n de una pol\u00edtica p\u00fablica de biling\u00fcismo para el Distrito de Cartagena de Indias\u201d<\/p>\n<p>Cirse \u00c1lvarez,\u00a0funcionaria\u00a0de la corporaci\u00f3n de Turismo, ley\u00f3 \u00a0el an\u00e1lisis que hizo la entidad\u00a0de Turismo \u201cCorpoturismo\u201d\u00a0sobre la iniciativa,\u00a0\u201cdesde corpoturismo celebramos esta iniciativa, vemos con muy buenos ojos la propuesta para la ciudad la cual es la base para mejorar la competitividad del destino,\u00a0logrando con esto fomentar a\u00fan m\u00e1s la inclusi\u00f3n de nuestras poblaciones al sector,\u00a0es por lo anterior y por medio del presente documento que queremos respaldar el proyecto a trav\u00e9s de aportes que pueden ser importantes para la construcci\u00f3n de esta\u00a0pol\u00edtica p\u00fablica\u201d.<\/p>\n<p>El concejal Carlos Barrios propuso la creaci\u00f3n de un Centro Espec\u00edfico de Pensamiento del Bilinguismo, liderado por la Secretar\u00eda de Educaci\u00f3n, donde docentes capacitados le impartan estos estudios de 1 a 3 horas semanales a los estudiantes, para que una vez finalicen sus formaci\u00f3n de bachillerato o t\u00e9cnico, puedan defenderse laboralmente.<\/p>\n","protected":false},"excerpt":{"rendered":"<p>A modo de protesta pac\u00edfica, en la sesi\u00f3n de este mi\u00e9rcoles 13 de febrero de 2020, los cabildantes llegaron con tapa bocas a ra\u00edz que desde las redes sociales se viene tejiendo planes en su contra. Luego que los concejales Wilson Toncel y Fernando Ni\u00f1o denunciaran ante la plenaria, los ataques y amenazas que han recibido a trav\u00e9s de las redes sociales, \u00a0por pedirle a la administraci\u00f3n, que revoque el decreto donde se admite el parrillero mujer en algunos barrios de la ciudad, donde estaba prohibido, los Concejales C\u00e9sar Pi\u00f3n,&#8230; <\/p>\n","protected":false},"author":3,"featured_media":34063,"comment_status":"closed","ping_status":"closed","sticky":false,"template":"","format":"standard","meta":{"footnotes":"","_links_to":"","_links_to_target":""},"categories":[27,75,4],"tags":[],"class_list":["post-34062","post","type-post","status-publish","format-standard","has-post-thumbnail","hentry","category-politicaconcejo","category-destacada","category-politica"],"_links":{"self":[{"href":"https:\/\/revistazetta.com\/index.php?rest_route=\/wp\/v2\/posts\/34062","targetHints":{"allow":["GET"]}}],"collection":[{"href":"https:\/\/revistazetta.com\/index.php?rest_route=\/wp\/v2\/posts"}],"about":[{"href":"https:\/\/revistazetta.com\/index.php?rest_route=\/wp\/v2\/types\/post"}],"author":[{"embeddable":true,"href":"https:\/\/revistazetta.com\/index.php?rest_route=\/wp\/v2\/users\/3"}],"replies":[{"embeddable":true,"href":"https:\/\/revistazetta.com\/index.php?rest_route=%2Fwp%2Fv2%2Fcomments&post=34062"}],"version-history":[{"count":0,"href":"https:\/\/revistazetta.com\/index.php?rest_route=\/wp\/v2\/posts\/34062\/revisions"}],"wp:featuredmedia":[{"embeddable":true,"href":"https:\/\/revistazetta.com\/index.php?rest_route=\/wp\/v2\/media\/34063"}],"wp:attachment":[{"href":"https:\/\/revistazetta.com\/index.php?rest_route=%2Fwp%2Fv2%2Fmedia&parent=34062"}],"wp:term":[{"taxonomy":"category","embeddable":true,"href":"https:\/\/revistazetta.com\/index.php?rest_route=%2Fwp%2Fv2%2Fcategories&post=34062"},{"taxonomy":"post_tag","embeddable":true,"href":"https:\/\/revistazetta.com\/index.php?rest_route=%2Fwp%2Fv2%2Ftags&post=34062"}],"curies":[{"name":"wp","href":"https:\/\/api.w.org\/{rel}","templated":true}]}}