{"id":34065,"date":"2020-02-14T07:24:34","date_gmt":"2020-02-14T12:24:34","guid":{"rendered":"http:\/\/www.revistazetta.com\/?p=34065"},"modified":"2020-03-29T18:52:36","modified_gmt":"2020-03-29T23:52:36","slug":"gestion-social-en-bolivar-corazon-y-liderazgo","status":"publish","type":"post","link":"https:\/\/revistazetta.com\/?p=34065","title":{"rendered":"Gesti\u00f3n social en Bol\u00edvar: coraz\u00f3n y liderazgo"},"content":{"rendered":"<p>Porque el territorio tambi\u00e9n se construye desde lo social, se realiz\u00f3 en Santa Cruz de Momp\u00f3x, paralela a la Cumbre de alcaldes, la primera Cumbre de Gestoras y Gestores sociales del \u00abBol\u00edvar Primero\u00bb.<\/p>\n<p>En este espacio la Gobernaci\u00f3n puedo expresar, como una sola voz ante el gobierno Nacional, los retos del departamento en materia social para la disminuci\u00f3n de los \u00edndices de pobreza y desigualdad en el territorio.<\/p>\n<p><img loading=\"lazy\" decoding=\"async\" class=\"size-medium wp-image-34067 aligncenter\" src=\"https:\/\/www.revistazetta.com\/wp-content\/uploads\/2020\/02\/Dama-vice-400x269.png\" alt=\"\" width=\"400\" height=\"269\" srcset=\"https:\/\/revistazetta.com\/wp-content\/uploads\/2020\/02\/Dama-vice-400x269.png 400w, https:\/\/revistazetta.com\/wp-content\/uploads\/2020\/02\/Dama-vice-217x146.png 217w, https:\/\/revistazetta.com\/wp-content\/uploads\/2020\/02\/Dama-vice-50x34.png 50w, https:\/\/revistazetta.com\/wp-content\/uploads\/2020\/02\/Dama-vice-111x75.png 111w, https:\/\/revistazetta.com\/wp-content\/uploads\/2020\/02\/Dama-vice.png 760w\" sizes=\"auto, (max-width: 400px) 100vw, 400px\" \/><\/p>\n<p>La vicepresidenta Marta Luc\u00eda Ram\u00edrez, quien particip\u00f3 de la Cumbre en representaci\u00f3n del Gobierno Nacional, escuch\u00f3 a los gestores sociales y ratific\u00f3 el compromiso del gobierno nacional en apoyar los temas de equidad de g\u00e9nero y atenci\u00f3n a la discapacidad, para conseguir el Bol\u00edvar Primero.<\/p>\n<p>Los asistentes tambi\u00e9n recibieron capacitaci\u00f3n de parte de diferentes entidades como Prosperidad Social, Instituto Colombiano de Bienestar Familiar, Consejer\u00eda Presidencial para la Equidad de la mujer y tambien la de Participacion de las personas con discapacidad, con el objetivo de que desde las distintas municipales, en coordinaci\u00f3n con el gobierno departamental, se logre la atenci\u00f3n \u00f3ptima de los grupos poblacionales vulnerables, mujeres, adultos mayores y ni\u00f1os del territorio.<\/p>\n<p>Este importante encuentro fue liderado por la gestora social y primera Dama de Bol\u00edvar, Natalia Eljach, quien asegur\u00f3 que \u00abnos emociona y genera esperanza saber que los gestores sociales de todo el departamento estan dispuestos a trabajar como un solo equipo. Agradezco su gran asistencia y participaci\u00f3n en este ejercicio que nos ayuda a manifestar ante el Gobierno Nacional nuestra necesidad y anhelo de trabajar mancomunadamente por un Bol\u00edvar primero en desarrollo social\u00bb.<\/p>\n<p>Las diputadas de la Asamblea Departamental tambi\u00e9n se sumaron a este encuentro.<\/p>\n<p>La asistencia y participaci\u00f3n de todos estos hombres y mujeres es muestra del compromiso y el trabajo sin\u00e9rgico que va logrando el Bol\u00edvar Primero.<\/p>\n","protected":false},"excerpt":{"rendered":"<p>Porque el territorio tambi\u00e9n se construye desde lo social, se realiz\u00f3 en Santa Cruz de Momp\u00f3x, paralela a la Cumbre de alcaldes, la primera Cumbre de Gestoras y Gestores sociales del \u00abBol\u00edvar Primero\u00bb. En este espacio la Gobernaci\u00f3n puedo expresar, como una sola voz ante el gobierno Nacional, los retos del departamento en materia social para la disminuci\u00f3n de los \u00edndices de pobreza y desigualdad en el territorio. La vicepresidenta Marta Luc\u00eda Ram\u00edrez, quien particip\u00f3 de la Cumbre en representaci\u00f3n del Gobierno Nacional, escuch\u00f3 a los gestores sociales y ratific\u00f3&#8230; <\/p>\n","protected":false},"author":3,"featured_media":34066,"comment_status":"closed","ping_status":"closed","sticky":false,"template":"","format":"standard","meta":{"footnotes":"","_links_to":"","_links_to_target":""},"categories":[75,80],"tags":[],"class_list":["post-34065","post","type-post","status-publish","format-standard","has-post-thumbnail","hentry","category-destacada","category-region"],"_links":{"self":[{"href":"https:\/\/revistazetta.com\/index.php?rest_route=\/wp\/v2\/posts\/34065","targetHints":{"allow":["GET"]}}],"collection":[{"href":"https:\/\/revistazetta.com\/index.php?rest_route=\/wp\/v2\/posts"}],"about":[{"href":"https:\/\/revistazetta.com\/index.php?rest_route=\/wp\/v2\/types\/post"}],"author":[{"embeddable":true,"href":"https:\/\/revistazetta.com\/index.php?rest_route=\/wp\/v2\/users\/3"}],"replies":[{"embeddable":true,"href":"https:\/\/revistazetta.com\/index.php?rest_route=%2Fwp%2Fv2%2Fcomments&post=34065"}],"version-history":[{"count":0,"href":"https:\/\/revistazetta.com\/index.php?rest_route=\/wp\/v2\/posts\/34065\/revisions"}],"wp:featuredmedia":[{"embeddable":true,"href":"https:\/\/revistazetta.com\/index.php?rest_route=\/wp\/v2\/media\/34066"}],"wp:attachment":[{"href":"https:\/\/revistazetta.com\/index.php?rest_route=%2Fwp%2Fv2%2Fmedia&parent=34065"}],"wp:term":[{"taxonomy":"category","embeddable":true,"href":"https:\/\/revistazetta.com\/index.php?rest_route=%2Fwp%2Fv2%2Fcategories&post=34065"},{"taxonomy":"post_tag","embeddable":true,"href":"https:\/\/revistazetta.com\/index.php?rest_route=%2Fwp%2Fv2%2Ftags&post=34065"}],"curies":[{"name":"wp","href":"https:\/\/api.w.org\/{rel}","templated":true}]}}