{"id":34072,"date":"2020-02-14T18:03:29","date_gmt":"2020-02-14T23:03:29","guid":{"rendered":"http:\/\/www.revistazetta.com\/?p=34072"},"modified":"2020-03-29T18:52:36","modified_gmt":"2020-03-29T23:52:36","slug":"alicia-arango-asumio-la-cartera-politica-del-gobierno-duque","status":"publish","type":"post","link":"https:\/\/revistazetta.com\/?p=34072","title":{"rendered":"Alicia Arango asumi\u00f3 la cartera pol\u00edtica del gobierno Duque"},"content":{"rendered":"<p>Al posesionar a la nueva Ministra del Interior, Alicia Arango Olmos, el Presidente Iv\u00e1n Duque M\u00e1rquez la invit\u00f3 a que \u201ccon su talante, con su talento, con su gerencia y con su carisma\u201d, saque adelante los grandes proyectos que necesita el pa\u00eds, entre estos seguir avanzando en los lineamientos de la pol\u00edtica de protecci\u00f3n a los l\u00edderes sociales, hacer presencia en las regiones y construir una coalici\u00f3n program\u00e1tica en el Congreso de la Rep\u00fablica para desarrollar una agenda en beneficio de los colombianos m\u00e1s vulnerables.<\/p>\n<p>Luego de hacer un recuento de los principales logros de Arango Olmos al frente del Ministerio del Trabajo, cargo que ocup\u00f3 durante los primeros 18 meses del Gobierno, el Jefe de Estado le traz\u00f3 el derrotero de las tareas que debe emprender ahora como Ministra del Interior.<\/p>\n<p>En primer lugar, el Mandatario le pidi\u00f3 \u201cseguir construyendo (en el Congreso de la Rep\u00fablica) una coalici\u00f3n program\u00e1tica, una coalici\u00f3n centrada en ideas al servicio de los colombianos, una coalici\u00f3n donde m\u00e1s all\u00e1 de las diferencias pol\u00edticas seamos capaces de concentrarnos en sacar adelante una agenda, que les sirva a los colombianos m\u00e1s vulnerables\u201d.<\/p>\n<p>Tambi\u00e9n le solicit\u00f3 impulsar la agenda relacionada con la consulta previa, que le permita al pa\u00eds \u201cconciliar el derecho al desarrollo y el rigor en escuchar las voces de las minor\u00edas y de las comunidades\u201d<\/p>\n<p>En el mismo sentido, explic\u00f3 que \u201cavanzar en esa direcci\u00f3n es fundamental para Colombia, para que tengamos proyectos de impacto\u201d, y fue enf\u00e1tico en decir que se deben mejorar las condiciones de vida de las comunidades de la zona de influencia de esos proyectos.<\/p>\n<p><strong>Avanzar en pol\u00edtica de protecci\u00f3n de l\u00edderes sociales<\/strong><\/p>\n<p>As\u00ed mismo, el Presidente Duque le encomend\u00f3 a la MinInterior seguir avanzando en el desarrollo de los lineamientos del Marco de la Pol\u00edtica P\u00fablica de Protecci\u00f3n Integral y Garant\u00edas para l\u00edderes sociales, comunales, periodistas y defensores de derechos humanos.<\/p>\n<p>\u201cEsos lineamientos de pol\u00edtica los presentamos en el aniversario n\u00famero 70 de la Declaraci\u00f3n Universal de los Derechos Humanos. Lo hicimos con la idea de que el Plan de Acci\u00f3n Oportuna (PAO) llegue a los territorios con los Ciprat (Comisi\u00f3n Intersectorial para la Respuesta R\u00e1pida a las Alertas Tempranas) y con los Cerrem (Comit\u00e9 de Evaluaci\u00f3n de Riesgo y Recomendaci\u00f3n de Medidas)\u201d, asever\u00f3.<\/p>\n<p>En tal contexto, agreg\u00f3: \u201cTenemos el reto interinstitucional, con la Fuerza P\u00fablica y los organismos de control, para que sigamos reduciendo los asesinatos de l\u00edderes sociales. Y lo hagamos, cada vez, con mayor contundencia\u201d.<\/p>\n<p>Sobre el mismo tema imparti\u00f3 instrucciones para que se trabaje de manera articulada con la Ministra de Justicia, Margarita Cabello Blanco, con el fin de contar con los recursos que permitan tener los jueces para sancionar \u201cejemplarmente a esos narcotraficantes y a esos delincuentes que quieren arrebatarle al pa\u00eds la voz del liderazgo social\u201d.<\/p>\n<p><strong>Trabajo desde las regiones<\/strong><\/p>\n<p>Al citar otra de las tareas, el Jefe de Estado le encomend\u00f3 hacer presencia permanentemente en las regiones, porque este Gobierno trabaja \u201cen los territorios y no en los escritorios. Usted, con ese fervor por la Colombia profunda, debe ser no solamente la garante sino tambi\u00e9n la ejecutora de esos lineamientos de pol\u00edtica\u201d.<\/p>\n<p>A rengl\u00f3n seguido, le pidi\u00f3 mantener el contacto constante y la aproximaci\u00f3n con el \u201cliderazgo social, particularmente con las juntas de acci\u00f3n comunal, juntas que llevo en el coraz\u00f3n, con profundo afecto\u201d.<\/p>\n<p><strong>Libertad religiosa y pueblos ind\u00edgenas<\/strong><\/p>\n<p>De otra parte, el Mandatario afirm\u00f3 que el pa\u00eds debe avanzar en la pol\u00edtica de libertad religiosa y en el entendimiento con los pueblos ind\u00edgenas.<\/p>\n<p>\u201cQuiero, tambi\u00e9n, Ministra, hacerle \u00e9nfasis en que Colombia necesita avanzar en la implementaci\u00f3n de la pol\u00edtica de libertad religiosa, que tambi\u00e9n est\u00e1 en cabeza del Ministerio del Interior. Es su deber y el nuestro seguir avanzando en el entendimiento con nuestros pueblos ind\u00edgenas y ancestrales para que el trazador presupuestal definido en el Plan de Desarrollo no solamente cree confianza, sino que permita que los proyectos anhelados por ellos se hagan realidad\u201d, destac\u00f3.<\/p>\n<p>Finalmente, el Jefe de Estado le solicit\u00f3 sacar adelante la elecci\u00f3n de los consejos municipales, departamentales y nacionales de juventud.<\/p>\n<p>Al respecto, se\u00f1al\u00f3 que se trata de \u201cun mandato legal y este a\u00f1o tenemos que motivar a los j\u00f3venes para que se inscriban a ese proceso electoral; motivar a los partidos para que hagan la activaci\u00f3n de ese liderazgo\u201d, de manera que \u201cen todos los rincones del pa\u00eds la institucionalidad de la juventud se fortalezca en un gran interlocutor para los planes de desarrollo locales y nacional\u201d.<\/p>\n","protected":false},"excerpt":{"rendered":"<p>Al posesionar a la nueva Ministra del Interior, Alicia Arango Olmos, el Presidente Iv\u00e1n Duque M\u00e1rquez la invit\u00f3 a que \u201ccon su talante, con su talento, con su gerencia y con su carisma\u201d, saque adelante los grandes proyectos que necesita el pa\u00eds, entre estos seguir avanzando en los lineamientos de la pol\u00edtica de protecci\u00f3n a los l\u00edderes sociales, hacer presencia en las regiones y construir una coalici\u00f3n program\u00e1tica en el Congreso de la Rep\u00fablica para desarrollar una agenda en beneficio de los colombianos m\u00e1s vulnerables. Luego de hacer un recuento&#8230; <\/p>\n","protected":false},"author":3,"featured_media":34075,"comment_status":"closed","ping_status":"closed","sticky":false,"template":"","format":"standard","meta":{"footnotes":"","_links_to":"","_links_to_target":""},"categories":[2,75,35,287],"tags":[],"class_list":["post-34072","post","type-post","status-publish","format-standard","has-post-thumbnail","hentry","category-actualidad","category-destacada","category-actualidad-nacion","category-nacional"],"_links":{"self":[{"href":"https:\/\/revistazetta.com\/index.php?rest_route=\/wp\/v2\/posts\/34072","targetHints":{"allow":["GET"]}}],"collection":[{"href":"https:\/\/revistazetta.com\/index.php?rest_route=\/wp\/v2\/posts"}],"about":[{"href":"https:\/\/revistazetta.com\/index.php?rest_route=\/wp\/v2\/types\/post"}],"author":[{"embeddable":true,"href":"https:\/\/revistazetta.com\/index.php?rest_route=\/wp\/v2\/users\/3"}],"replies":[{"embeddable":true,"href":"https:\/\/revistazetta.com\/index.php?rest_route=%2Fwp%2Fv2%2Fcomments&post=34072"}],"version-history":[{"count":0,"href":"https:\/\/revistazetta.com\/index.php?rest_route=\/wp\/v2\/posts\/34072\/revisions"}],"wp:featuredmedia":[{"embeddable":true,"href":"https:\/\/revistazetta.com\/index.php?rest_route=\/wp\/v2\/media\/34075"}],"wp:attachment":[{"href":"https:\/\/revistazetta.com\/index.php?rest_route=%2Fwp%2Fv2%2Fmedia&parent=34072"}],"wp:term":[{"taxonomy":"category","embeddable":true,"href":"https:\/\/revistazetta.com\/index.php?rest_route=%2Fwp%2Fv2%2Fcategories&post=34072"},{"taxonomy":"post_tag","embeddable":true,"href":"https:\/\/revistazetta.com\/index.php?rest_route=%2Fwp%2Fv2%2Ftags&post=34072"}],"curies":[{"name":"wp","href":"https:\/\/api.w.org\/{rel}","templated":true}]}}